{"id":600398,"date":"2025-12-15T08:39:14","date_gmt":"2025-12-15T08:39:14","guid":{"rendered":"https:\/\/www.europesays.com\/fr\/600398\/"},"modified":"2025-12-15T08:39:14","modified_gmt":"2025-12-15T08:39:14","slug":"le-chili-renoue-avec-les-demons-de-lextreme-droite-et-porte-a-sa-tete-jose-antonio-kast-liberation","status":"publish","type":"post","link":"https:\/\/www.europesays.com\/fr\/600398\/","title":{"rendered":"le Chili renoue avec les d\u00e9mons de l\u2019extr\u00eame droite et porte \u00e0 sa t\u00eate Jos\u00e9 Antonio Kast \u2013 Lib\u00e9ration"},"content":{"rendered":"<p class=\"sc-cPiKLX AiZTS text-element\"><a href=\"https:\/\/www.liberation.fr\/international\/amerique\/presidentielle-au-chili-antonio-kast-fils-de-nazi-et-admirateur-de-pinochet-aux-portes-du-pouvoir-20251117_HTUBDQVQP5AX7HOLAMBVPBXQJE\/\" target=\"_blank\" rel=\"noopener\" title=\"https:\/\/www.liberation.fr\/international\/amerique\/presidentielle-au-chili-antonio-kast-fils-de-nazi-et-admirateur-de-pinochet-aux-portes-du-pouvoir-20251117_HTUBDQVQP5AX7HOLAMBVPBXQJE\/\">Jos\u00e9 Antonio Kast<\/a>, le 40e pr\u00e9sident de la R\u00e9publique du Chili, issu du Parti r\u00e9publicain (extr\u00eame droite), a \u00e9t\u00e9 \u00e9lu dimanche 14 d\u00e9cembre au soir avec 58 % des voix, face \u00e0 la candidate de gauche, Jeannette Jara, qui elle n\u2019a r\u00e9uni que 42 % des suffrages, selon des r\u00e9sultats officiels portant sur la quasi-totalit\u00e9 des bulletins de vote.<\/p>\n<p class=\"sc-cPiKLX AiZTS text-element\">Jeannette Jara a rapidement reconnu sa d\u00e9faite et promis une opposition \u00abexigeante\u00bb. Devant des milliers de partisans r\u00e9unis devant le si\u00e8ge du Parti r\u00e9publicain, dans l\u2019est de Santiago, le vainqueur du scrutin a lanc\u00e9 vouloir \u00abinstaurer le respect de la loi dans toutes les r\u00e9gions\u00bb. L\u2019annonce de sa victoire a donn\u00e9 lieu \u00e0 des c\u00e9l\u00e9brations \u00e0 travers le pays, plusieurs milliers de personnes descendant dans les rues pour brandir des drapeaux chiliens, notamment dans la capitale, o\u00f9 ont retenti les klaxons pendant plusieurs heures.<\/p>\n<p class=\"sc-cPiKLX AiZTS text-element\">Longtemps, Kast a v\u00e9cu dans l\u2019ombre. Celle de son p\u00e8re d\u2019abord, ancien adh\u00e9rent du parti nazi, engag\u00e9 volontaire dans la Wehrmacht en 1942, venu au Chili au d\u00e9but des ann\u00e9es 50 avec sa femme Olga Rist<\/p>\n","protected":false},"excerpt":{"rendered":"Jos\u00e9 Antonio Kast, le 40e pr\u00e9sident de la R\u00e9publique du Chili, issu du Parti r\u00e9publicain (extr\u00eame droite), a&hellip;\n","protected":false},"author":2,"featured_media":600399,"comment_status":"","ping_status":"","sticky":false,"template":"","format":"standard","meta":{"footnotes":""},"categories":[5],"tags":[11,40896,1076,1011,27,14,12,28],"class_list":{"0":"post-600398","1":"post","2":"type-post","3":"status-publish","4":"format-standard","5":"has-post-thumbnail","7":"category-international","8":"tag-actualites","9":"tag-chili","10":"tag-extreme-droite","11":"tag-fr","12":"tag-france","13":"tag-international","14":"tag-news","15":"tag-world"},"share_on_mastodon":{"url":"https:\/\/pubeurope.com\/@fr\/115722686657111018","error":""},"_links":{"self":[{"href":"https:\/\/www.europesays.com\/fr\/wp-json\/wp\/v2\/posts\/600398","targetHints":{"allow":["GET"]}}],"collection":[{"href":"https:\/\/www.europesays.com\/fr\/wp-json\/wp\/v2\/posts"}],"about":[{"href":"https:\/\/www.europesays.com\/fr\/wp-json\/wp\/v2\/types\/post"}],"author":[{"embeddable":true,"href":"https:\/\/www.europesays.com\/fr\/wp-json\/wp\/v2\/users\/2"}],"replies":[{"embeddable":true,"href":"https:\/\/www.europesays.com\/fr\/wp-json\/wp\/v2\/comments?post=600398"}],"version-history":[{"count":0,"href":"https:\/\/www.europesays.com\/fr\/wp-json\/wp\/v2\/posts\/600398\/revisions"}],"wp:featuredmedia":[{"embeddable":true,"href":"https:\/\/www.europesays.com\/fr\/wp-json\/wp\/v2\/media\/600399"}],"wp:attachment":[{"href":"https:\/\/www.europesays.com\/fr\/wp-json\/wp\/v2\/media?parent=600398"}],"wp:term":[{"taxonomy":"category","embeddable":true,"href":"https:\/\/www.europesays.com\/fr\/wp-json\/wp\/v2\/categories?post=600398"},{"taxonomy":"post_tag","embeddable":true,"href":"https:\/\/www.europesays.com\/fr\/wp-json\/wp\/v2\/tags?post=600398"}],"curies":[{"name":"wp","href":"https:\/\/api.w.org\/{rel}","templated":true}]}}