{"id":600407,"date":"2025-12-15T08:44:18","date_gmt":"2025-12-15T08:44:18","guid":{"rendered":"https:\/\/www.europesays.com\/fr\/600407\/"},"modified":"2025-12-15T08:44:18","modified_gmt":"2025-12-15T08:44:18","slug":"technologie-a-nancy-belfort-epinal-sfr-acte-la-fin-du-cable-dans-plusieurs-grandes-villes-en-juin-2026-quelles-consequences","status":"publish","type":"post","link":"https:\/\/www.europesays.com\/fr\/600407\/","title":{"rendered":"Technologie. \u00c0\u00a0Nancy, Belfort, \u00c9pinal&#8230; SFR acte la fin du c\u00e2ble dans plusieurs grandes villes en juin 2026, quelles cons\u00e9quences ?"},"content":{"rendered":"<p>Apr\u00e8s la fin de la prise t\u00e9l\u00e9phonique, bient\u00f4t la fin de la prise coaxiale.<\/p>\n<p>Le coaxial, c&rsquo;est cet embout rond qui, historiquement, permettait de regarder un peu plus de cha\u00eenes de t\u00e9l\u00e9. Certaines villes ont largement investi pour d\u00e9velopper un r\u00e9seau de t\u00e9l\u00e9vision par c\u00e2ble. Les plus anciens se souviendront de Noos, absorb\u00e9 par Num\u00e9ricable, lui-m\u00eame aval\u00e9 par le g\u00e9ant SFR. C&rsquo;est ce dernier qui, d\u00e9sormais veut couper la liaison.<\/p>\n<p>En Lorraine et en Franche-Comt\u00e9, une douzaine de villes sont vis\u00e9es mais l&rsquo;impact devrait \u00eatre assez faible tant la fibre s&rsquo;est, depuis, d\u00e9ploy\u00e9e.<\/p>\n<p class=\"insetTitle\">Les communes o\u00f9 le r\u00e9seau c\u00e2bl\u00e9 SFR s&rsquo;arr\u00eate au 30 juin 2026<\/p>\n<p><strong>En Meurthe-et-Moselle<\/strong>\u00a0: Nancy.<\/p>\n<p><strong>Dans les Vosges<\/strong>\u00a0: \u00c9pinal, Golbey, Chantraine, Dogneville.<\/p>\n<p><strong>Dans le Doubs<\/strong>\u00a0: Montb\u00e9liard, Courcelles-l\u00e8s-Montb\u00e9liard, Sainte-Suzanne, \u00c9tupes, Sochaux.<\/p>\n<p><strong>Dans le Territoire de Belfort<\/strong>\u00a0: Belfort, Essert, Bavilliers, Danjoutin<\/p>\n<p>  Encore 400 000 foyers c\u00e2bl\u00e9s en France<\/p>\n<p>\u00ab\u00a0L&rsquo;ann\u00e9e 2025 aura \u00e9t\u00e9 une ann\u00e9e int\u00e9ressante, tente de r\u00e9sumer Cyrille Franz-Honegger, d\u00e9l\u00e9gu\u00e9 r\u00e9gional Centre-Est pour l&rsquo;op\u00e9rateur, une ann\u00e9e de transition technologique avec d&rsquo;un c\u00f4t\u00e9 <a href=\"https:\/\/www.estrepublicain.fr\/science-et-technologie\/2025\/09\/01\/fin-de-la-2g-et-3g-l-inquietude-des-professionnels\" target=\"_blank\" rel=\"noopener\">les infrastructures 5G<\/a> massivement d\u00e9ploy\u00e9es et, de l&rsquo;autre, <a href=\"https:\/\/www.estrepublicain.fr\/science-et-technologie\/2025\/02\/01\/fin-de-l-adsl-et-du-cuivre-en-lorraine-quelles-consequences-pour-vous\" target=\"_blank\" rel=\"noopener\">la fin du plan THD (tr\u00e8s haut d\u00e9bit)<\/a> et l&rsquo;ensemble des territoires qui sont fibr\u00e9s.\u00a0\u00bb\u00a0\u00a0<\/p>\n<p>C&rsquo;est parce que ces nouvelles infrastructures sont matures que ce que l&rsquo;on appelle \u00ab\u00a0le r\u00e9seau c\u00e2ble\u00a0\u00bb peut \u00eatre d\u00e9finitivement d\u00e9branch\u00e9 par l&rsquo;op\u00e9rateur. Une fa\u00e7on \u00e9galement de faire passer les derniers clients sur des abonnements fibre. Si vous \u00eates dans ce cas, vous avez sans doute d\u00e9j\u00e0 re\u00e7u un courrier pour vous informer, voire des appels. Une transition sur le temps long, anticip\u00e9e, pour que personne ne se retrouve hors connexion.\u00a0<\/p>\n<p>L&rsquo;<a href=\"https:\/\/www.arcep.fr\/\" target=\"_blank\" rel=\"noopener\">Arcep<\/a> (Autorit\u00e9 de r\u00e9gulation des communications \u00e9lectroniques, des postes et de la distribution de la presse) recensait, en juin 2025, seulement 400 000 foyers c\u00e2bl\u00e9s en France. Un nombre, nous indique-t-on, en forte d\u00e9croissance chaque mois et divis\u00e9 par deux en deux ans, notamment d\u00fb \u00e0 l&rsquo;arr\u00eat de la commercialisation de cette offre par l&rsquo;op\u00e9rateur.<\/p>\n<p class=\"insetTitle\">R\u00e9seau c\u00e2bl\u00e9 : ce qui ne s&rsquo;arr\u00eate pas<\/p>\n<p>&#8211; <strong>Le service collectif<\/strong>\u00a0: \u00ab\u00a0Cela concerne bien souvent les grands bailleurs sociaux\u00a0\u00bb, pr\u00e9cise\u00a0Cyrille Franz-Honegger. Si vous \u00eates dans ce cas, pas de changement pour vous.<\/p>\n<p>&#8211; <strong>Les autres r\u00e9seaux c\u00e2bl\u00e9s<\/strong>\u00a0: SFR a d\u00e9cid\u00e9 de stopper son r\u00e9seau mais ce n&rsquo;est pas forc\u00e9ment le cas d&rsquo;autres r\u00e9gies. L&rsquo;Arcep nous le rappelle\u00a0: \u00ab Outre SFR, dans le Grand Est, un certain nombre de r\u00e9gies ont, par le pass\u00e9, d\u00e9ploy\u00e9 et exploit\u00e9 des r\u00e9seaux c\u00e2bl\u00e9s qui sont maintenant en cours de modernisation vers la fibre, notamment en Moselle.\u00a0\u00bb Ceux-ci ne sont pas concern\u00e9s non plus.<\/p>\n<p>  Pourquoi arr\u00eater le r\u00e9seau c\u00e2bl\u00e9\u00a0?<\/p>\n<p>La transition est donc progressive, d&rsquo;autant plus que la mutation s&rsquo;ajoute \u00e0 d&rsquo;autres : <a href=\"https:\/\/www.estrepublicain.fr\/societe\/2025\/01\/31\/fin-de-l-adsl-a-quelle-date-seront-debranchees-les-communes-de-lorraine-et-franche-comte\" target=\"_blank\" rel=\"noopener\">la fin du cuivre<\/a> et la volont\u00e9 de faire passer les clients ADSL \u00e0 la fibre. \u00ab\u00a0C&rsquo;est un sujet important que nous traitons sur un temps long, explique\u00a0Cyrille Franz-Honegger. Les clients concern\u00e9s ont re\u00e7u un courrier. Ils peuvent \u00e9galement se rendre en boutique pour \u00eatre accompagn\u00e9s au mieux.\u00a0\u00bb<\/p>\n<p>Mais alors pourquoi stopper le r\u00e9seau c\u00e2bl\u00e9\u00a0? Parce qu&rsquo;il n&rsquo;existe d\u00e9j\u00e0 plus en tant que tel : le c\u00e2ble coaxial tel qu&rsquo;on le conna\u00eet a \u00e9t\u00e9 remplac\u00e9 par de la fibre jusqu&rsquo;\u00e0 l&rsquo;armoire en bas de l&rsquo;immeuble ou la maison. \u00ab\u00a0C&rsquo;est une mutation des extr\u00e9mit\u00e9s, r\u00e9sume le responsable de chez SFR. La fibre est d\u00e9j\u00e0 install\u00e9e en c\u0153ur de r\u00e9seau et c&rsquo;est une infrastructure d&rsquo;avenir qui permet la stabilit\u00e9 et la multiconnexion.\u00a0\u00bb<\/p>\n<p>  Faut-il rester chez SFR\u00a0?<\/p>\n<p>Reste la question piquante quand on est abonn\u00e9 c\u00e2ble chez SFR\u00a0: rester chez l&rsquo;op\u00e9rateur ou pas au vu des <a href=\"https:\/\/www.estrepublicain.fr\/economie\/2025\/10\/15\/l-offre-de-rachat-de-sfr-immediatement-rejetee-par-la-direction-d-altice-france\" target=\"_blank\" rel=\"noopener\">rumeurs de vente<\/a> ? \u00ab\u00a0C&rsquo;est un sujet qui concerne l&rsquo;actionnaire, d\u00e9fend Cyrille Franz-Honegger. Ce n&rsquo;est pas parce qu&rsquo;il y aurait un changement d&rsquo;actionnaire qu&rsquo;il y aurait un impact sur les clients. La preuve\u00a0: on continue d&rsquo;investir dans le r\u00e9seau et les boutiques.\u00a0\u00bb <\/p>\n<p>Certains sp\u00e9cialistes du secteur \u00e9voquent m\u00eame un possible effet d&rsquo;aubaine : une volont\u00e9 d&rsquo;engranger des abonn\u00e9s pour \u00ab\u00a0rendre la mari\u00e9e plus belle\u00a0\u00bb avant une vente qui, de toute fa\u00e7on, ne devrait pas avoir de cons\u00e9quences concr\u00e8tes sur les clients avant plusieurs ann\u00e9es.<\/p>\n","protected":false},"excerpt":{"rendered":"Apr\u00e8s la fin de la prise t\u00e9l\u00e9phonique, bient\u00f4t la fin de la prise coaxiale. Le coaxial, c&rsquo;est cet&hellip;\n","protected":false},"author":2,"featured_media":600408,"comment_status":"","ping_status":"","sticky":false,"template":"","format":"standard","meta":{"footnotes":""},"categories":[9635],"tags":[1111,11,22758,1704,1777,674,107,1011,27,775,1702,12,11058,25,767,273,55891],"class_list":{"0":"post-600407","1":"post","2":"type-post","3":"status-publish","4":"format-standard","5":"has-post-thumbnail","7":"category-nancy","8":"tag-actu","9":"tag-actualites","10":"tag-belfort","11":"tag-edition-nancy-et-agglomeration","12":"tag-eu","13":"tag-europe","14":"tag-fil-info","15":"tag-fr","16":"tag-france","17":"tag-grand-est","18":"tag-nancy","19":"tag-news","20":"tag-region-franche-comte","21":"tag-republique-francaise","22":"tag-science-et-technologie","23":"tag-selection-de-la-redaction","24":"tag-territoire-de-belfort"},"share_on_mastodon":{"url":"https:\/\/pubeurope.com\/@fr\/115722706178987779","error":""},"_links":{"self":[{"href":"https:\/\/www.europesays.com\/fr\/wp-json\/wp\/v2\/posts\/600407","targetHints":{"allow":["GET"]}}],"collection":[{"href":"https:\/\/www.europesays.com\/fr\/wp-json\/wp\/v2\/posts"}],"about":[{"href":"https:\/\/www.europesays.com\/fr\/wp-json\/wp\/v2\/types\/post"}],"author":[{"embeddable":true,"href":"https:\/\/www.europesays.com\/fr\/wp-json\/wp\/v2\/users\/2"}],"replies":[{"embeddable":true,"href":"https:\/\/www.europesays.com\/fr\/wp-json\/wp\/v2\/comments?post=600407"}],"version-history":[{"count":0,"href":"https:\/\/www.europesays.com\/fr\/wp-json\/wp\/v2\/posts\/600407\/revisions"}],"wp:featuredmedia":[{"embeddable":true,"href":"https:\/\/www.europesays.com\/fr\/wp-json\/wp\/v2\/media\/600408"}],"wp:attachment":[{"href":"https:\/\/www.europesays.com\/fr\/wp-json\/wp\/v2\/media?parent=600407"}],"wp:term":[{"taxonomy":"category","embeddable":true,"href":"https:\/\/www.europesays.com\/fr\/wp-json\/wp\/v2\/categories?post=600407"},{"taxonomy":"post_tag","embeddable":true,"href":"https:\/\/www.europesays.com\/fr\/wp-json\/wp\/v2\/tags?post=600407"}],"curies":[{"name":"wp","href":"https:\/\/api.w.org\/{rel}","templated":true}]}}