{"id":600414,"date":"2025-12-15T08:50:13","date_gmt":"2025-12-15T08:50:13","guid":{"rendered":"https:\/\/www.europesays.com\/fr\/600414\/"},"modified":"2025-12-15T08:50:13","modified_gmt":"2025-12-15T08:50:13","slug":"marche-de-noel-au-lycee-honore-de-balzac","status":"publish","type":"post","link":"https:\/\/www.europesays.com\/fr\/600414\/","title":{"rendered":"March\u00e9 de No\u00ebl au lyc\u00e9e Honor\u00e9 de Balzac"},"content":{"rendered":"<p>Les \u00e9l\u00e8ves de la classe de 1re technicien conseil vente univers jardin (bac pro TCVUJ) organisent leur march\u00e9 de No\u00ebl au lyc\u00e9e agricole Honor\u00e9 de Balzac jeudi 18 d\u00e9cembre de 9 h \u00e0 17 h.<\/p>\n<p>Ils accueilleront le public dans une ambiance festive et de saison, et proposeront \u00e0 la vente des couronnes de No\u00ebl et des coupes de plantes fleuries.<\/p>\n<p>Les Serres de la Frondaie, quant \u00e0 elles, pr\u00e9senteront leurs poinsettias rouges (\u00e9toiles de No\u00ebl) produites sur place, ce qui est un gage de fra\u00eecheur, ainsi qu\u2019un assortiment de plantes de saison \u00e0 partir de 2 \u20ac pi\u00e8ce : jacinthes, cactus de No\u00ebl, orchid\u00e9es, hell\u00e9bores, azal\u00e9es, kalancho\u00e9, plantes vertes, plantes grasses\u2026<\/p>\n<p>Des exposants avec leurs produits seront aussi pr\u00e9sents : la brasserie la Matc\u00e9, l\u2019ESAT l\u2019Envol de Castelnau-le-Lez, les miels Demoiz\u2019ailes, les g\u00e2teaux de Praline Cake Art, les produits des Saveurs de la Doux, les vins du clos Gisone et les confitures Claire d\u2019OC.<\/p>\n<p>Correspondant Midi Libre : 06 62 21 67 37<\/p>\n","protected":false},"excerpt":{"rendered":"Les \u00e9l\u00e8ves de la classe de 1re technicien conseil vente univers jardin (bac pro TCVUJ) organisent leur march\u00e9&hellip;\n","protected":false},"author":2,"featured_media":600415,"comment_status":"","ping_status":"","sticky":false,"template":"","format":"standard","meta":{"footnotes":""},"categories":[9599],"tags":[1111,11,70976,1057,1777,674,1011,27,7089,2208,12,2680,25],"class_list":{"0":"post-600414","1":"post","2":"type-post","3":"status-publish","4":"format-standard","5":"has-post-thumbnail","7":"category-montpellier","8":"tag-actu","9":"tag-actualites","10":"tag-castelnaulelez","11":"tag-education","12":"tag-eu","13":"tag-europe","14":"tag-fr","15":"tag-france","16":"tag-herault","17":"tag-montpellier","18":"tag-news","19":"tag-occitanie","20":"tag-republique-francaise"},"share_on_mastodon":{"url":"https:\/\/pubeurope.com\/@fr\/115722729824594996","error":""},"_links":{"self":[{"href":"https:\/\/www.europesays.com\/fr\/wp-json\/wp\/v2\/posts\/600414","targetHints":{"allow":["GET"]}}],"collection":[{"href":"https:\/\/www.europesays.com\/fr\/wp-json\/wp\/v2\/posts"}],"about":[{"href":"https:\/\/www.europesays.com\/fr\/wp-json\/wp\/v2\/types\/post"}],"author":[{"embeddable":true,"href":"https:\/\/www.europesays.com\/fr\/wp-json\/wp\/v2\/users\/2"}],"replies":[{"embeddable":true,"href":"https:\/\/www.europesays.com\/fr\/wp-json\/wp\/v2\/comments?post=600414"}],"version-history":[{"count":0,"href":"https:\/\/www.europesays.com\/fr\/wp-json\/wp\/v2\/posts\/600414\/revisions"}],"wp:featuredmedia":[{"embeddable":true,"href":"https:\/\/www.europesays.com\/fr\/wp-json\/wp\/v2\/media\/600415"}],"wp:attachment":[{"href":"https:\/\/www.europesays.com\/fr\/wp-json\/wp\/v2\/media?parent=600414"}],"wp:term":[{"taxonomy":"category","embeddable":true,"href":"https:\/\/www.europesays.com\/fr\/wp-json\/wp\/v2\/categories?post=600414"},{"taxonomy":"post_tag","embeddable":true,"href":"https:\/\/www.europesays.com\/fr\/wp-json\/wp\/v2\/tags?post=600414"}],"curies":[{"name":"wp","href":"https:\/\/api.w.org\/{rel}","templated":true}]}}