{"id":600420,"date":"2025-12-15T08:53:43","date_gmt":"2025-12-15T08:53:43","guid":{"rendered":"https:\/\/www.europesays.com\/fr\/600420\/"},"modified":"2025-12-15T08:53:43","modified_gmt":"2025-12-15T08:53:43","slug":"fcr-qrm-1-0-le-fcr-reprend-la-place-de-leader","status":"publish","type":"post","link":"https:\/\/www.europesays.com\/fr\/600420\/","title":{"rendered":"FCR \/ QRM : 1 \/ 0 : Le FCR reprend la place de leader"},"content":{"rendered":"<p>Sur le papier, la diff\u00e9rence entre les deux \u00e9quipes \u00e9tait criante. Les pronostics donnant le FCR vainqueur par 3 ou 4 \u00e0 0 \u00e9taient donc nombreux sur les r\u00e9seaux sociaux. Mais c\u2019est bien par le plus petit score que les Rouennais se sont impos\u00e9s. <\/p>\n<p>La premi\u00e8re p\u00e9riode a \u00e9t\u00e9 bien maitris\u00e9e par les rouennais, mais peu d\u2019occasions de part et d\u2019autre. Heureusement ROCHA sur une belle d\u00e9viation de de BA-SY permettra au FCR de prendre l\u2019avantage au score \u00e0 la 40e minute.<\/p>\n<p>La seconde p\u00e9riode a \u00e9t\u00e9 plus difficile, les Quevillais ont bien tent\u00e9 de se rebiffer, mais avec une attaque particuli\u00e8rement faible, pas facile de prendre en d\u00e9faut les rouennais, qui de leur c\u00f4t\u00e9 n\u2019ont pas non plus mis en danger le portier adverse, malgr\u00e9 une d\u00e9fense de QRM pas r\u00e9put\u00e9e pour son imperm\u00e9abilit\u00e9\u2026<\/p>\n<p>On retiendra de ce match les trois points (c\u2019est bien le plus important!), la belle ambiance qui r\u00e9gnait dans Diochon, et surtout la place de leader, reprise par les Diables Rouges au d\u00e9triment de Dijon, qui s\u2019est fait accroch\u00e9 \u00e0 Ch\u00e2teauroux. Mais pour la mani\u00e8re, on repassera. <\/p>\n<p>Place maintenant \u00e0 la tr\u00eave hivernale. Les joueurs et le staff vont pouvoir souffler quelques jours. La reprise de l\u2019entrainement est annonc\u00e9e pour le 29 d\u00e9cembre.<\/p>\n<p>ALLEZ ROUEN<\/p>\n","protected":false},"excerpt":{"rendered":"Sur le papier, la diff\u00e9rence entre les deux \u00e9quipes \u00e9tait criante. Les pronostics donnant le FCR vainqueur par&hellip;\n","protected":false},"author":2,"featured_media":600421,"comment_status":"","ping_status":"","sticky":false,"template":"","format":"standard","meta":{"footnotes":""},"categories":[9587],"tags":[1111,11,1777,674,1011,27,12,5161,25,9590],"class_list":{"0":"post-600420","1":"post","2":"type-post","3":"status-publish","4":"format-standard","5":"has-post-thumbnail","7":"category-rouen","8":"tag-actu","9":"tag-actualites","10":"tag-eu","11":"tag-europe","12":"tag-fr","13":"tag-france","14":"tag-news","15":"tag-normandie","16":"tag-republique-francaise","17":"tag-rouen"},"share_on_mastodon":{"url":"https:\/\/pubeurope.com\/@fr\/115722741567366523","error":""},"_links":{"self":[{"href":"https:\/\/www.europesays.com\/fr\/wp-json\/wp\/v2\/posts\/600420","targetHints":{"allow":["GET"]}}],"collection":[{"href":"https:\/\/www.europesays.com\/fr\/wp-json\/wp\/v2\/posts"}],"about":[{"href":"https:\/\/www.europesays.com\/fr\/wp-json\/wp\/v2\/types\/post"}],"author":[{"embeddable":true,"href":"https:\/\/www.europesays.com\/fr\/wp-json\/wp\/v2\/users\/2"}],"replies":[{"embeddable":true,"href":"https:\/\/www.europesays.com\/fr\/wp-json\/wp\/v2\/comments?post=600420"}],"version-history":[{"count":0,"href":"https:\/\/www.europesays.com\/fr\/wp-json\/wp\/v2\/posts\/600420\/revisions"}],"wp:featuredmedia":[{"embeddable":true,"href":"https:\/\/www.europesays.com\/fr\/wp-json\/wp\/v2\/media\/600421"}],"wp:attachment":[{"href":"https:\/\/www.europesays.com\/fr\/wp-json\/wp\/v2\/media?parent=600420"}],"wp:term":[{"taxonomy":"category","embeddable":true,"href":"https:\/\/www.europesays.com\/fr\/wp-json\/wp\/v2\/categories?post=600420"},{"taxonomy":"post_tag","embeddable":true,"href":"https:\/\/www.europesays.com\/fr\/wp-json\/wp\/v2\/tags?post=600420"}],"curies":[{"name":"wp","href":"https:\/\/api.w.org\/{rel}","templated":true}]}}