{"id":600422,"date":"2025-12-15T08:54:09","date_gmt":"2025-12-15T08:54:09","guid":{"rendered":"https:\/\/www.europesays.com\/fr\/600422\/"},"modified":"2025-12-15T08:54:09","modified_gmt":"2025-12-15T08:54:09","slug":"une-femme-dans-un-etat-grave","status":"publish","type":"post","link":"https:\/\/www.europesays.com\/fr\/600422\/","title":{"rendered":"une femme dans un \u00e9tat grave"},"content":{"rendered":"<p>                    Par<br \/>\n        <strong><br \/>\n            <a href=\"https:\/\/actu.fr\/auteur\/lisa-rodrigues\" title=\"Consulter tous les articles de Lisa Rodrigues\" target=\"_blank\" rel=\"noopener\">Lisa Rodrigues<\/a><br \/>\n                    <\/strong><\/p>\n<p>        Publi\u00e9 le<\/p>\n<p>            15 d\u00e9c. 2025 \u00e0 9h30        <\/p>\n<p>Le sinistre s\u2019est produit dans la c\u00e9l\u00e8bre tour Belledonne \u00e0 l\u2019\u00cele verte \u00e0 <a href=\"https:\/\/actu.fr\/auvergne-rhone-alpes\/grenoble_38185\" target=\"_blank\" rel=\"noopener\">Grenoble<\/a>. Un incendie vraisemblablement d\u2019origine accidentelle s\u2019est d\u00e9clar\u00e9 <strong>dans un appartement au 13e \u00e9tage<\/strong> de l\u2019immeuble, dans la nuit du dimanche 14 au lundi 15 d\u00e9cembre.<\/p>\n<p>    <a href=\"https:\/\/www.google.com\/maps\/embed?pb=!1m18!1m12!1m3!1d2811.7644386180787!2d5.73771547149224!3d45.19186447237969!2m3!1f0!2f0!3f0!3m2!1i1024!2i768!4f13.1!3m3!1m2!1s0x478af4f5d8ef9aff%3A0x3fe7eb1e49aed2e3!2sTour%20Belledonne!5e0!3m2!1sfr!2sfr!4v1765786882047!5m2!1sfr!2sfr\" title=\"Ouvrie le lien\" target=\"_blank\" rel=\"noopener\">Cliquez ici pour visualiser le contenu<\/a><\/p>\n<p class=\" wall-content\">Le feu s\u2019est d\u00e9clar\u00e9 aux alentours de 00h30, provoquant d\u2019importants d\u00e9gagements de fum\u00e9e et l\u2019intervention en urgence des sapeurs-pompiers.<\/p>\n<p>La victime en arr\u00eat cardio-respiratoire<\/p>\n<p class=\" wall-content\">Une quarantaine d\u2019habitants a d\u00fb \u00eatre \u00e9vacu\u00e9e.\u00a0<\/p>\n<p class=\" wall-content\">Sur place, les soldats du feu trouvent dans l\u2019appartement sinistr\u00e9 le corps inanim\u00e9 <strong>d\u2019une femme, \u00e2g\u00e9e de 86 ans<\/strong>.<\/p>\n<p class=\" wall-content\">En arr\u00eat cardio-respiratoire, elle a \u00e9t\u00e9 \u00e9vacu\u00e9e m\u00e9dicalis\u00e9e vers le CHU Nord de La Tronche avec son pronostic vital engag\u00e9, selon la Direction interd\u00e9partementale de la police nationale.<\/p>\n<p class=\" wall-content\">Personnalisez votre actualit\u00e9 en ajoutant vos villes et m\u00e9dias en favori avec <a href=\"https:\/\/moncompte.actu.fr\" title=\"D\u00e9couvez Mon Actu\" rel=\"nofollow noopener\" data-trk=\"{&quot;cta&quot;:{&quot;action&quot;:&quot;https:\\\/\\\/moncompte.actu.fr&quot;,&quot;category&quot;:&quot;mon compte&quot;,&quot;from&quot;:&quot;article footer&quot;,&quot;name&quot;:&quot;Mon actu&quot;,&quot;type&quot;:&quot;cta&quot;}}\" target=\"_blank\">Mon Actu<\/a>.<\/p>\n","protected":false},"excerpt":{"rendered":"Par Lisa Rodrigues Publi\u00e9 le 15 d\u00e9c. 2025 \u00e0 9h30 Le sinistre s\u2019est produit dans la c\u00e9l\u00e8bre tour&hellip;\n","protected":false},"author":2,"featured_media":600423,"comment_status":"","ping_status":"","sticky":false,"template":"","format":"standard","meta":{"footnotes":""},"categories":[9566],"tags":[1111,11,2430,1777,674,118,1011,27,2731,1310,12,1311,25],"class_list":{"0":"post-600422","1":"post","2":"type-post","3":"status-publish","4":"format-standard","5":"has-post-thumbnail","7":"category-grenoble","8":"tag-actu","9":"tag-actualites","10":"tag-auvergne-rhone-alpes","11":"tag-eu","12":"tag-europe","13":"tag-faits-divers","14":"tag-fr","15":"tag-france","16":"tag-grenoble","17":"tag-incendie","18":"tag-news","19":"tag-pompiers","20":"tag-republique-francaise"},"share_on_mastodon":{"url":"","error":""},"_links":{"self":[{"href":"https:\/\/www.europesays.com\/fr\/wp-json\/wp\/v2\/posts\/600422","targetHints":{"allow":["GET"]}}],"collection":[{"href":"https:\/\/www.europesays.com\/fr\/wp-json\/wp\/v2\/posts"}],"about":[{"href":"https:\/\/www.europesays.com\/fr\/wp-json\/wp\/v2\/types\/post"}],"author":[{"embeddable":true,"href":"https:\/\/www.europesays.com\/fr\/wp-json\/wp\/v2\/users\/2"}],"replies":[{"embeddable":true,"href":"https:\/\/www.europesays.com\/fr\/wp-json\/wp\/v2\/comments?post=600422"}],"version-history":[{"count":0,"href":"https:\/\/www.europesays.com\/fr\/wp-json\/wp\/v2\/posts\/600422\/revisions"}],"wp:featuredmedia":[{"embeddable":true,"href":"https:\/\/www.europesays.com\/fr\/wp-json\/wp\/v2\/media\/600423"}],"wp:attachment":[{"href":"https:\/\/www.europesays.com\/fr\/wp-json\/wp\/v2\/media?parent=600422"}],"wp:term":[{"taxonomy":"category","embeddable":true,"href":"https:\/\/www.europesays.com\/fr\/wp-json\/wp\/v2\/categories?post=600422"},{"taxonomy":"post_tag","embeddable":true,"href":"https:\/\/www.europesays.com\/fr\/wp-json\/wp\/v2\/tags?post=600422"}],"curies":[{"name":"wp","href":"https:\/\/api.w.org\/{rel}","templated":true}]}}