{"id":600430,"date":"2025-12-15T08:58:12","date_gmt":"2025-12-15T08:58:12","guid":{"rendered":"https:\/\/www.europesays.com\/fr\/600430\/"},"modified":"2025-12-15T08:58:12","modified_gmt":"2025-12-15T08:58:12","slug":"les-recommandations-de-leurometropole-en-cas-de-neige-ou-pluies-verglacantes","status":"publish","type":"post","link":"https:\/\/www.europesays.com\/fr\/600430\/","title":{"rendered":"les\u00a0recommandations de l&rsquo;Eurom\u00e9tropole en cas de neige ou pluies vergla\u00e7antes"},"content":{"rendered":"<p>Durant la saison hivernale, les services de l\u2019Eurom\u00e9tropole de Strasbourg sont pr\u00eats \u00e0 intervenir 24 h\/24 pour garantir aux usagers de la route des conditions optimales de s\u00e9curit\u00e9 et de mobilit\u00e9.<\/p>\n<p>L\u2019Eurom\u00e9tropole de Strasbourg assure la viabilit\u00e9 hivernale de l\u2019ensemble des voiries m\u00e9tropolitaines (chauss\u00e9es, pistes cyclables, places, quais, ponts, les ex-routes d\u00e9partementales, routes nationales et autoroutes).<\/p>\n<p><strong>Des interventions prioris\u00e9es<\/strong><\/p>\n<p>Le r\u00e9seau routier g\u00e9r\u00e9 par l\u2019Eurom\u00e9tropole repr\u00e9sente pr\u00e8s de 1\u00a0800\u00a0km de voies. Ces voies sont hi\u00e9rarchis\u00e9es selon trois niveaux de priorit\u00e9\u00a0:<\/p>\n<p>\u2022Priorit\u00e9 1\u00a0: les axes vitaux sont trait\u00e9s 24 h\/24.<\/p>\n<p>\u2022Priorit\u00e9 2\u00a0: les axes routiers principaux, les voies de transports en commun, et les pistes cyclables les plus fr\u00e9quent\u00e9es sont trait\u00e9s d\u00e8s 3\u00a0h du matin ou dans les 4\u00a0h qui suivent la fin de l\u2019\u00e9pisode neigeux.<\/p>\n<p>\u2022Priorit\u00e9 3\u00a0: les voies r\u00e9sidentielles et\/ou peu fr\u00e9quent\u00e9es ainsi que les pistes cyclables relevant des comp\u00e9tences de l\u2019Eurom\u00e9tropole non class\u00e9es en priorit\u00e9 2 sont trait\u00e9es en journ\u00e9e en fonction des conditions m\u00e9t\u00e9orologiques.<\/p>\n<p><strong>Zoom sur le d\u00e9neigement des pistes cyclables<\/strong><\/p>\n<p>Les <a href=\"https:\/\/www.dna.fr\/economie\/2025\/09\/26\/plan-velo-l-executif-fait-le-bilan-les-annonces-sont-tenues\" target=\"_blank\" rel=\"noopener\">pistes cyclables<\/a> \u00e0 haut niveau de service seront d\u00e9neig\u00e9es en priorit\u00e9.<\/p>\n<p>Retrouvez la liste de ces pistes cyclables sur https:\/\/www.strasbourg.eu\/circuler-hiver<\/p>\n<p><strong>Choisir son mode de transport en fonction de la m\u00e9t\u00e9o et de l\u2019\u00e9tat des routes<\/strong><\/p>\n<p>\u00c0 l\u2019annonce d\u2019\u00e9pisodes neigeux ou vergla\u00e7ants, pour mieux pr\u00e9parer leurs d\u00e9placements, il est conseill\u00e9 aux habitants de consulter la carte des priorit\u00e9s d\u2019interventions de l\u2019Eurom\u00e9tropole de Strasbourg sur l\u2019application StrasApp (l\u2019information de l\u2019avanc\u00e9e du traitement y est r\u00e9actualis\u00e9e toutes les 15 minutes) et le cas \u00e9ch\u00e9ant, de privil\u00e9gier les transports en commun.<\/p>\n<p>L\u2019usage des deux roues est d\u00e9conseill\u00e9 en cas de verglas.<\/p>\n<p>Il est conseill\u00e9 aux cyclistes de redoubler de prudence durant leurs trajets, de v\u00e9rifier le bon \u00e9tat des \u00e9quipements obligatoires de leurs v\u00e9los et de respecter scrupuleusement la signalisation et le code de la route.<\/p>\n<p>L\u2019usage d\u2019une voiture doit, quant \u00e0 elle, faire l\u2019objet de nombreuses pr\u00e9cautions.<\/p>\n<p>Les automobilistes sont donc incit\u00e9s \u00e0 \u00e9quiper leurs v\u00e9hicules pour l\u2019hiver et \u00e0 adopter une conduite pr\u00e9ventive.<\/p>\n<p>Il convient de ne pas doubler les engins de d\u00e9neigement et de leur faciliter le passage.<\/p>\n<p><strong>D\u00e9neigement des trottoirs<\/strong><\/p>\n<p>Conform\u00e9ment \u00e0 l\u2019arr\u00eat\u00e9 municipal de leur commune, les propri\u00e9taires ou locataires principaux sont tenus d\u2019enlever ou de faire enlever la neige sur le trottoir devant leur immeuble, sur une largeur de deux m\u00e8tres, et de l\u2019entasser de telle fa\u00e7on que les bouches d\u2019incendie, les caniveaux et les puisards restent d\u00e9gag\u00e9s.<\/p>\n<p>En cas de verglas, ils sont tenus de r\u00e9pandre du sel ou du sable sur le trottoir ou la chauss\u00e9e, sur une largeur de 2 m\u00e8tres devant leur habitation.<\/p>\n<p>En cas de chute sur le trottoir, la responsabilit\u00e9 des propri\u00e9taires ou locataires principaux peut \u00eatre engag\u00e9e.<\/p>\n<p>Attention\u00a0! L\u2019\u00e9pandage de sel est interdit sur les trottoirs, les terre-pleins et places plant\u00e9s d\u2019arbres et \u00e0 proximit\u00e9 des monuments. Dans ce cas, l\u2019utilisation de sable est pr\u00e9conis\u00e9e.<\/p>\n<p class=\"note\">Retrouvez tous les conseils pratiques sur https:\/\/www.strasbourg.eu\/circuler-hiver<\/p>\n","protected":false},"excerpt":{"rendered":"Durant la saison hivernale, les services de l\u2019Eurom\u00e9tropole de Strasbourg sont pr\u00eats \u00e0 intervenir 24 h\/24 pour garantir&hellip;\n","protected":false},"author":2,"featured_media":600431,"comment_status":"","ping_status":"","sticky":false,"template":"","format":"standard","meta":{"footnotes":""},"categories":[2820],"tags":[1111,11,2880,436,1777,674,107,1011,27,775,8423,12,25,640,2879],"class_list":{"0":"post-600430","1":"post","2":"type-post","3":"status-publish","4":"format-standard","5":"has-post-thumbnail","7":"category-strasbourg","8":"tag-actu","9":"tag-actualites","10":"tag-edition-strasbourg","11":"tag-environnement","12":"tag-eu","13":"tag-europe","14":"tag-fil-info","15":"tag-fr","16":"tag-france","17":"tag-grand-est","18":"tag-meteorologie-climat","19":"tag-news","20":"tag-republique-francaise","21":"tag-strasbourg","22":"tag-strasbourg-ville"},"share_on_mastodon":{"url":"https:\/\/pubeurope.com\/@fr\/115722761311246294","error":""},"_links":{"self":[{"href":"https:\/\/www.europesays.com\/fr\/wp-json\/wp\/v2\/posts\/600430","targetHints":{"allow":["GET"]}}],"collection":[{"href":"https:\/\/www.europesays.com\/fr\/wp-json\/wp\/v2\/posts"}],"about":[{"href":"https:\/\/www.europesays.com\/fr\/wp-json\/wp\/v2\/types\/post"}],"author":[{"embeddable":true,"href":"https:\/\/www.europesays.com\/fr\/wp-json\/wp\/v2\/users\/2"}],"replies":[{"embeddable":true,"href":"https:\/\/www.europesays.com\/fr\/wp-json\/wp\/v2\/comments?post=600430"}],"version-history":[{"count":0,"href":"https:\/\/www.europesays.com\/fr\/wp-json\/wp\/v2\/posts\/600430\/revisions"}],"wp:featuredmedia":[{"embeddable":true,"href":"https:\/\/www.europesays.com\/fr\/wp-json\/wp\/v2\/media\/600431"}],"wp:attachment":[{"href":"https:\/\/www.europesays.com\/fr\/wp-json\/wp\/v2\/media?parent=600430"}],"wp:term":[{"taxonomy":"category","embeddable":true,"href":"https:\/\/www.europesays.com\/fr\/wp-json\/wp\/v2\/categories?post=600430"},{"taxonomy":"post_tag","embeddable":true,"href":"https:\/\/www.europesays.com\/fr\/wp-json\/wp\/v2\/tags?post=600430"}],"curies":[{"name":"wp","href":"https:\/\/api.w.org\/{rel}","templated":true}]}}