{"id":600436,"date":"2025-12-15T09:02:22","date_gmt":"2025-12-15T09:02:22","guid":{"rendered":"https:\/\/www.europesays.com\/fr\/600436\/"},"modified":"2025-12-15T09:02:22","modified_gmt":"2025-12-15T09:02:22","slug":"nice-une-manifestation-particuliere-bloque-la-circulation-de-gros-bouchons-en-cours","status":"publish","type":"post","link":"https:\/\/www.europesays.com\/fr\/600436\/","title":{"rendered":"Nice. Une manifestation particuli\u00e8re bloque la circulation, de gros bouchons en cours"},"content":{"rendered":"<p>                    Par<br \/>\n        <strong><br \/>\n            <a href=\"https:\/\/actu.fr\/auteur\/arthur-frand\" title=\"Consulter tous les articles de Arthur Frand\" target=\"_blank\" rel=\"noopener\">Arthur Frand<\/a><br \/>\n                    <\/strong><\/p>\n<p>        Publi\u00e9 le<\/p>\n<p>            15 d\u00e9c. 2025 \u00e0 9h46        <\/p>\n<p>Prudence et patience pour les automobilistes.\u00a0Ce lundi 15\u00a0d\u00e9cembre 2025 dans la matin\u00e9e, environ 200 chauffeurs VTC r\u00e9alisent une <strong>op\u00e9ration escargot<\/strong> dans les <a href=\"https:\/\/actu.fr\/provence-alpes-cote-d-azur\/alpes-maritimes_06\" target=\"_blank\" rel=\"noopener\">Alpes-Maritimes<\/a> entre <a href=\"https:\/\/actu.fr\/nice\/\" target=\"_blank\" rel=\"noopener\">Nice<\/a> et Cannes.<\/p>\n<p class=\" wall-content\">Cette manifestation a pour cons\u00e9quence de paralyser le trafic sur l\u2019autoroute A8 et sur la voie rapide \u00e0 Nice, en pleine heure de pointe.<\/p>\n<p>Plusieurs cort\u00e8ges et perturbations<\/p>\n<p class=\" wall-content\">Cette manifestation de chauffeurs VTC a d\u00e9but\u00e9 vers 8\u2009h ce lundi matin. Diff\u00e9rents cort\u00e8ges se sont form\u00e9s, certains partants de Cannes par l\u2019A8, tandis que d\u2019autres sont partis du port de Nice en passant par la promenade des Anglais. Ces cort\u00e8ges ont rendez-vous \u00e0 l\u2019a\u00e9roport.<\/p>\n<p class=\" wall-content\">Cette op\u00e9ration entra\u00eene de <strong>grosses perturbations de circulation<\/strong> sur l\u2019autoroute A8 mais aussi dans Nice sur la voie Mathis et la Promenade des Anglais. Vinci Autoroutes pr\u00e9cise que des manifestations sont en cours et invitent les automobilistes \u00e0 <strong>anticiper ou changer<\/strong> leur trajet exceptionnellement. Le temps de parcours est rallong\u00e9 de plusieurs dizaines de minutes sur l\u2019A8 entre Cannes et Nice.<\/p>\n<p class=\" wall-content\">\n<p>Les VTC en col\u00e8re contre Uber<\/p>\n<p class=\" wall-content\">Cette mobilisation des chauffeurs VTC azur\u00e9ens \u00e9tait annonc\u00e9e et intervient le jour de la venue \u00e0 Nice de Philippe Tabarot, ministre des transports dans le cadre de la remise en service du <a href=\"https:\/\/www.bing.com\/search?pglt=41&amp;q=actu+nice+train+des+merveilles&amp;cvid=408291d5684240809732bb2887b19dc4&amp;gs_lcrp=EgRlZGdlKgYIABBFGDkyBggAEEUYOTIGCAEQRRhA0gEINTk0M2owajGoAgCwAgA&amp;FORM=ANNTA1&amp;PC=U531\" target=\"_blank\" rel=\"noopener\">Train des Merveilles<\/a> entre Nice et Tende. Les VTC souhaitent exprimer <strong>leur m\u00e9contentement<\/strong> vis-\u00e0-vis de la plateforme Uber.<\/p>\n<p class=\" wall-content\">Ils souhaitent d\u00e9noncer la d\u00e9gradation de leurs conditions de travail impos\u00e9es par Uber et\u00a0accusent cette derni\u00e8re de favoriser la concurrence en augmentant sans cesse le <strong>nombre de chauffeurs<\/strong>. La multinationale am\u00e9ricaine a r\u00e9cemment annonc\u00e9 int\u00e9grer des taxis maralpins \u00e0 la plateforme.\u00a0<\/p>\n<p class=\" wall-content\">Personnalisez votre actualit\u00e9 en ajoutant vos villes et m\u00e9dias en favori avec <a href=\"https:\/\/moncompte.actu.fr\" title=\"D\u00e9couvez Mon Actu\" rel=\"nofollow noopener\" data-trk=\"{&quot;cta&quot;:{&quot;action&quot;:&quot;https:\\\/\\\/moncompte.actu.fr&quot;,&quot;category&quot;:&quot;mon compte&quot;,&quot;from&quot;:&quot;article footer&quot;,&quot;name&quot;:&quot;Mon actu&quot;,&quot;type&quot;:&quot;cta&quot;}}\" target=\"_blank\">Mon Actu<\/a>.<\/p>\n","protected":false},"excerpt":{"rendered":"Par Arthur Frand Publi\u00e9 le 15 d\u00e9c. 2025 \u00e0 9h46 Prudence et patience pour les automobilistes.\u00a0Ce lundi 15\u00a0d\u00e9cembre&hellip;\n","protected":false},"author":2,"featured_media":600437,"comment_status":"","ping_status":"","sticky":false,"template":"","format":"standard","meta":{"footnotes":""},"categories":[2819],"tags":[1111,11,646,3542,1777,674,1011,27,12,2401,882,25,104,2803],"class_list":{"0":"post-600436","1":"post","2":"type-post","3":"status-publish","4":"format-standard","5":"has-post-thumbnail","7":"category-nice","8":"tag-actu","9":"tag-actualites","10":"tag-automobile","11":"tag-circulation","12":"tag-eu","13":"tag-europe","14":"tag-fr","15":"tag-france","16":"tag-news","17":"tag-nice","18":"tag-provence-alpes-cote-dazur","19":"tag-republique-francaise","20":"tag-societe","21":"tag-transport"},"share_on_mastodon":{"url":"https:\/\/pubeurope.com\/@fr\/115722777021748333","error":""},"_links":{"self":[{"href":"https:\/\/www.europesays.com\/fr\/wp-json\/wp\/v2\/posts\/600436","targetHints":{"allow":["GET"]}}],"collection":[{"href":"https:\/\/www.europesays.com\/fr\/wp-json\/wp\/v2\/posts"}],"about":[{"href":"https:\/\/www.europesays.com\/fr\/wp-json\/wp\/v2\/types\/post"}],"author":[{"embeddable":true,"href":"https:\/\/www.europesays.com\/fr\/wp-json\/wp\/v2\/users\/2"}],"replies":[{"embeddable":true,"href":"https:\/\/www.europesays.com\/fr\/wp-json\/wp\/v2\/comments?post=600436"}],"version-history":[{"count":0,"href":"https:\/\/www.europesays.com\/fr\/wp-json\/wp\/v2\/posts\/600436\/revisions"}],"wp:featuredmedia":[{"embeddable":true,"href":"https:\/\/www.europesays.com\/fr\/wp-json\/wp\/v2\/media\/600437"}],"wp:attachment":[{"href":"https:\/\/www.europesays.com\/fr\/wp-json\/wp\/v2\/media?parent=600436"}],"wp:term":[{"taxonomy":"category","embeddable":true,"href":"https:\/\/www.europesays.com\/fr\/wp-json\/wp\/v2\/categories?post=600436"},{"taxonomy":"post_tag","embeddable":true,"href":"https:\/\/www.europesays.com\/fr\/wp-json\/wp\/v2\/tags?post=600436"}],"curies":[{"name":"wp","href":"https:\/\/api.w.org\/{rel}","templated":true}]}}