{"id":600440,"date":"2025-12-15T09:04:36","date_gmt":"2025-12-15T09:04:36","guid":{"rendered":"https:\/\/www.europesays.com\/fr\/600440\/"},"modified":"2025-12-15T09:04:36","modified_gmt":"2025-12-15T09:04:36","slug":"60-km-de-bouchons-sur-les-routes-ce-matin","status":"publish","type":"post","link":"https:\/\/www.europesays.com\/fr\/600440\/","title":{"rendered":"60 km de bouchons sur les routes ce matin"},"content":{"rendered":"<p>                    Par<br \/>\n        <strong><br \/>\n            <a href=\"https:\/\/actu.fr\/auteur\/redaction-nantes\" title=\"Consulter tous les articles de R\u00e9daction Nantes\" target=\"_blank\" rel=\"noopener\">R\u00e9daction Nantes<\/a><br \/>\n                    <\/strong><\/p>\n<p>        Publi\u00e9 le<\/p>\n<p>            15 d\u00e9c. 2025 \u00e0 8h50        <\/p>\n<p>C\u2019est rouge sur les routes de l\u2019agglom\u00e9ration nantaise. Ce lundi 15 d\u00e9cembre 2025, le trafic est congestionn\u00e9 sur plusieurs axes du p\u00e9riph\u00e9rique. Selon les donn\u00e9es<a href=\"https:\/\/www.bison-fute.gouv.fr\/courbes-bouchons,11025.html\" target=\"_blank\" rel=\"noopener\"> Bison Fut\u00e9<\/a>, on note <b>56 km de bouchons \u00e0 8 h 43<\/b>.\u00a0<\/p>\n<p>Un pic \u00e0 70 km de bouchons<\/p>\n<p class=\" wall-content\">La N844 est l\u2019axe le plus congestionn\u00e9 avec 30 km de bouchons. Des ralentissements sont en cours au niveau du pont de Chevir\u00e9, du pont de Bellevue mais \u00e9galement au niveau de la porte de la Chapelle.\u00a0<\/p>\n<p class=\" wall-content\">Le pic des embouteillages a \u00e9t\u00e9 recens\u00e9 \u00e0<b> 8 h 30 avec 70,2 km de bouchons<\/b>.\u00a0<\/p>\n<p class=\" wall-content\">Personnalisez votre actualit\u00e9 en ajoutant vos villes et m\u00e9dias en favori avec <a href=\"https:\/\/moncompte.actu.fr\" title=\"D\u00e9couvez Mon Actu\" rel=\"nofollow noopener\" data-trk=\"{&quot;cta&quot;:{&quot;action&quot;:&quot;https:\\\/\\\/moncompte.actu.fr&quot;,&quot;category&quot;:&quot;mon compte&quot;,&quot;from&quot;:&quot;article footer&quot;,&quot;name&quot;:&quot;Mon actu&quot;,&quot;type&quot;:&quot;cta&quot;}}\" target=\"_blank\">Mon Actu<\/a>.<\/p>\n","protected":false},"excerpt":{"rendered":"Par R\u00e9daction Nantes Publi\u00e9 le 15 d\u00e9c. 2025 \u00e0 8h50 C\u2019est rouge sur les routes de l\u2019agglom\u00e9ration nantaise.&hellip;\n","protected":false},"author":2,"featured_media":600441,"comment_status":"","ping_status":"","sticky":false,"template":"","format":"standard","meta":{"footnotes":""},"categories":[2818],"tags":[1111,11,3542,1777,674,1011,27,766,12,2636,4013,25,104],"class_list":{"0":"post-600440","1":"post","2":"type-post","3":"status-publish","4":"format-standard","5":"has-post-thumbnail","7":"category-nantes","8":"tag-actu","9":"tag-actualites","10":"tag-circulation","11":"tag-eu","12":"tag-europe","13":"tag-fr","14":"tag-france","15":"tag-nantes","16":"tag-news","17":"tag-pays-de-la-loire","18":"tag-peripherique","19":"tag-republique-francaise","20":"tag-societe"},"share_on_mastodon":{"url":"https:\/\/pubeurope.com\/@fr\/115722785024725617","error":""},"_links":{"self":[{"href":"https:\/\/www.europesays.com\/fr\/wp-json\/wp\/v2\/posts\/600440","targetHints":{"allow":["GET"]}}],"collection":[{"href":"https:\/\/www.europesays.com\/fr\/wp-json\/wp\/v2\/posts"}],"about":[{"href":"https:\/\/www.europesays.com\/fr\/wp-json\/wp\/v2\/types\/post"}],"author":[{"embeddable":true,"href":"https:\/\/www.europesays.com\/fr\/wp-json\/wp\/v2\/users\/2"}],"replies":[{"embeddable":true,"href":"https:\/\/www.europesays.com\/fr\/wp-json\/wp\/v2\/comments?post=600440"}],"version-history":[{"count":0,"href":"https:\/\/www.europesays.com\/fr\/wp-json\/wp\/v2\/posts\/600440\/revisions"}],"wp:featuredmedia":[{"embeddable":true,"href":"https:\/\/www.europesays.com\/fr\/wp-json\/wp\/v2\/media\/600441"}],"wp:attachment":[{"href":"https:\/\/www.europesays.com\/fr\/wp-json\/wp\/v2\/media?parent=600440"}],"wp:term":[{"taxonomy":"category","embeddable":true,"href":"https:\/\/www.europesays.com\/fr\/wp-json\/wp\/v2\/categories?post=600440"},{"taxonomy":"post_tag","embeddable":true,"href":"https:\/\/www.europesays.com\/fr\/wp-json\/wp\/v2\/tags?post=600440"}],"curies":[{"name":"wp","href":"https:\/\/api.w.org\/{rel}","templated":true}]}}