{"id":600442,"date":"2025-12-15T09:05:25","date_gmt":"2025-12-15T09:05:25","guid":{"rendered":"https:\/\/www.europesays.com\/fr\/600442\/"},"modified":"2025-12-15T09:05:25","modified_gmt":"2025-12-15T09:05:25","slug":"cap-sciences-tembarque-pour-un-noel-rempli-daventures","status":"publish","type":"post","link":"https:\/\/www.europesays.com\/fr\/600442\/","title":{"rendered":"Cap Sciences t\u2019embarque pour un No\u00ebl rempli d\u2019aventures !"},"content":{"rendered":"<p>Pour les vacances de No\u00ebl, Cap Sciences t\u2019invite \u00e0 vivre un moment magique, curieux, dr\u00f4le et passionnant en famille ! <\/p>\n<p style=\"font-size:16px\">Que tu aies <strong>3 ans, 14 ans ou simplement une \u00e2me d\u2019explorateur<\/strong>, l\u2019\u00e9quipe a imagin\u00e9 un programme riche d\u2019exp\u00e9riences, d\u2019expositions et d\u2019ateliers pour faire vibrer ta curiosit\u00e9 pendant toute la p\u00e9riode des f\u00eates.<\/p>\n<p style=\"font-size:16px\"><strong>Au chaud sur les quais de Bordeaux<\/strong>, Cap Sciences devient\u00a0<strong>LE<\/strong>\u00a0rendez-vous incontournable pour <strong>apprendre en s\u2019amusant, partager des activit\u00e9s insolites\u2026 et oublier que dehors il fait froid !<\/strong><\/p>\n<p><img fetchpriority=\"high\" decoding=\"async\" width=\"1024\" height=\"681\" src=\"https:\/\/www.europesays.com\/fr\/wp-content\/uploads\/2025\/12\/Expos-CS-2025-092-\u00a9-GAUTIER-DUFAU-1024x681.jpg\" alt=\"\" class=\"wp-image-87309\" style=\"aspect-ratio:1.503734161282202;width:714px;height:auto\"  \/>Cap Sciences, l\u2019endroit o\u00f9 la curiosit\u00e9 grandit et o\u00f9 chaque d\u00e9couverte devient un souvenir.\u00a9Gautier Dufau <\/p>\n<p><strong>Un lieu vivant pendant toutes les vacances<\/strong><\/p>\n<p style=\"font-size:16px\">D\u00e8s que <strong>tu passes la porte<\/strong>, tu sens l\u2019\u00e9nergie particuli\u00e8re des vacances : les enfants qui s\u2019\u00e9tonnent, les ateliers qui s\u2019animent, les expositions qui brillent, les m\u00e9diateurs qui racontent des histoires\u2026<\/p>\n<p style=\"font-size:16px\">Cap Sciences t\u2019accueille :<\/p>\n<ul class=\"wp-block-list\">\n<li style=\"font-size:16px\"><strong>En semaine de 11h \u00e0 19h<\/strong><\/li>\n<li style=\"font-size:16px\"><strong>Le week-end de 14h \u00e0 19h<\/strong><\/li>\n<\/ul>\n<p style=\"font-size:16px\">Les 24 et 31 d\u00e9cembre, Cap Sciences fermera exceptionnellement \u00e0 17h. Ferm\u00e9 \u00e9galement les 25 d\u00e9cembre et 1\u1d49\u02b3 janvier 2026.<\/p>\n<p><strong>Les expositions incontournables pour faire r\u00eaver toute la famille<\/strong><\/p>\n<p><strong>Grande exposition \u2013 LUNE, Pr\u00e9parez, explorez, r\u00eavez !<\/strong><\/p>\n<p style=\"font-size:16px\"><strong>Tu r\u00eaves de voler vers l\u2019espace ? De marcher sur un sol lunaire ?<\/strong><br \/>Cette exposition spectaculaire t\u2019invite dans un voyage immersif \u00e0 travers la conqu\u00eate spatiale, des premiers pas d\u2019Apollo jusqu\u2019aux missions du futur. Tu touches, tu manipules, tu te mets dans la peau d\u2019un astronaute\u2026 Bref, tu explores comme si tu y \u00e9tais.<\/p>\n<p style=\"font-size:16px\">Tarif plein : 10 \u20ac \/ Tarif r\u00e9duit : 7,50 \u20ac \u2013 d\u00e8s 7 ans<\/p>\n<p><img loading=\"lazy\" decoding=\"async\" width=\"681\" height=\"1024\" src=\"https:\/\/www.europesays.com\/fr\/wp-content\/uploads\/2025\/12\/Expos-CS-2025-082-\u00a9-GAUTIER-DUFAU-681x1024.jpg\" alt=\"\" class=\"wp-image-87308\" style=\"aspect-ratio:0.6650440992461928;width:414px;height:auto\"  \/>Pr\u00eat(e) pour le d\u00e9collage ? Cap Sciences t\u2019emm\u00e8ne sur la Lune !\u00a9Gautier Dufau <\/p>\n<p>Expo Th\u00e9ma \u2013 Bienvenue chez les Pr\u00e9histos !<\/p>\n<p style=\"font-size:16px\">Fais la connaissance de\u00a0<strong>Bon\u2019Hom<\/strong>, le papa\u00a0<strong>Sapiens<\/strong>, de\u00a0<strong>Opinex<\/strong>, la maman\u00a0<strong>N\u00e9andertal<\/strong>, et de leurs enfants,\u00a0<strong>Mi\u2019Hom<\/strong>\u00a0et\u00a0<strong>Lilex<\/strong>. Ils t\u2019accueillent chez eux et<strong>\u00a0te laissent fouiller dans leurs placards,<\/strong>\u00a0explorer<strong>\u00a0leurs tiroirs\u00a0<\/strong>et\u00a0<strong>d\u00e9couvrir leur quotidien.<\/strong>\u00a0Tu veux savoir\u00a0<strong>comment ils chassaient, s\u2019habillaient, s\u2019abritaient ?<\/strong>\u00a0Ici,<strong>\u00a0tu touches, tu joues, tu explores.\u00a0<\/strong>Bref, tu vis la Pr\u00e9histoire comme si tu y \u00e9tais.<\/p>\n<p style=\"font-size:16px\">Tarif plein : 6,50 \u20ac \/ Tarif r\u00e9duit : 5 \u20ac \u2013 d\u00e8s 5 ans<\/p>\n<p>Le P\u2019tit Cap \u2013 Expo permanente<\/p>\n<p style=\"font-size:16px\">Un monde doux, color\u00e9 et rassurant sp\u00e9cialement imagin\u00e9 pour les tout-petits. Ici, ce sont eux les explorateurs : ils touchent, manipulent, observent\u2026 et s\u2019\u00e9merveillent devant leurs premi\u00e8res d\u00e9couvertes scientifiques.<\/p>\n<p style=\"font-size:16px\">Tarif unique : 4,50 \u20ac \u2013 pour les 3\u20136 ans<\/p>\n<p><img loading=\"lazy\" decoding=\"async\" width=\"1024\" height=\"681\" src=\"https:\/\/www.europesays.com\/fr\/wp-content\/uploads\/2025\/12\/Expos-CS-2025-096-\u00a9-GAUTIER-DUFAU-1024x681.jpg\" alt=\"\" class=\"wp-image-87310\" style=\"aspect-ratio:1.503734161282202;width:589px;height:auto\"  \/>Place aux petits scientifiques en herbe ! Cr\u00e9er, tester, exp\u00e9rimenter : la magie Cap Sciences.\u00a9Gautier Dufau <\/p>\n<p><strong>Les exp\u00e9riences immersives : apprendre en s\u2019amusant<\/strong><\/p>\n<p><strong>Spectacul\u2019air \u2013 d\u00e8s 7 ans<\/strong><\/p>\n<p style=\"font-size:16px\">Un atelier o\u00f9 l\u2019air devient un v\u00e9ritable terrain de jeu. Exp\u00e9riences surprenantes, manipulations, d\u00e9fis\u2026 On souffle, on teste, on rit : un moment l\u00e9ger comme une plume !<\/p>\n<p style=\"font-size:16px\">Tarif : 5,50 \u20ac<\/p>\n<p><strong>Plan\u00e9tarium \u2013 d\u00e8s 3 ans ou d\u00e8s 8 ans selon les s\u00e9ance<\/strong>s<\/p>\n<p style=\"font-size:16px\">Allong\u00e9 sous le d\u00f4me, tu l\u00e8ves les yeux : les \u00e9toiles t\u2019encerclent.<br \/>Les m\u00e9diateurs t\u2019embarquent dans un voyage galactique, po\u00e9tique et instructif. Une exp\u00e9rience apaisante, immersive et parfaite pour r\u00eaver.<\/p>\n<p style=\"font-size:16px\">Tarif : 5,50 \u20ac<\/p>\n<p><strong>Wild Immersion 360\u00b0 (VR) \u2013 d\u00e8s 8 an<\/strong>s<\/p>\n<p style=\"font-size:16px\">\u00a0Plonge au c\u0153ur des plus beaux paysages de la Terre, \u00e0 la d\u00e9couverte des animaux qui les peuplent et de leurs \u00e9tonnantes capacit\u00e9s d\u2019adaptation. Ils devront ensuite r\u00e9associer les esp\u00e8ces avec leur \u00e9cosyst\u00e8me au cours d\u2019un jeu de cartes. !<\/p>\n<p style=\"font-size:16px\">Tarif : 5,50 \u20ac<\/p>\n<p><strong>Les ateliers jeunesse : la cr\u00e9ativit\u00e9 mise \u00e0 l\u2019honneur<\/strong><\/p>\n<p style=\"font-size:16px\">Durant les vacances, Cap Sciences propose \u00e9galement des ateliers pour que les jeunes puissent exp\u00e9rimenter, bricoler, apprendre et cr\u00e9er.<\/p>\n<p><img loading=\"lazy\" decoding=\"async\" width=\"1024\" height=\"681\" data-id=\"87311\" src=\"https:\/\/www.europesays.com\/fr\/wp-content\/uploads\/2025\/12\/Expos-CS-2025-121-\u00a9-GAUTIER-DUFAU-1024x681.jpg\" alt=\"\" class=\"wp-image-87311\"  \/>Des vacances remplies de d\u00e9couvertes pour les petits curieux !\u00a9Gautier Dufau <\/p>\n<p><img loading=\"lazy\" decoding=\"async\" width=\"681\" height=\"1024\" data-id=\"87312\" src=\"https:\/\/www.europesays.com\/fr\/wp-content\/uploads\/2025\/12\/Expos-CS-2025-124-\u00a9-GAUTIER-DUFAU-681x1024.jpg\" alt=\"\" class=\"wp-image-87312\"  \/>Explorer, toucher, comprendre : ici, tout est \u00e0 la port\u00e9e des enfants.\u00a9Gautier Dufau <\/p>\n<p><strong>Cap Sciences Junior (8\u201312 ans)<\/strong><\/p>\n<p style=\"font-size:16px\">Astronomie, chimie, enqu\u00eate, photo, robotique, vid\u00e9o<br \/>Chaque atelier est imagin\u00e9 comme une mini-aventure scientifique. On fabrique, on observe, on r\u00e9sout des myst\u00e8res\u2026 de quoi occuper les enfants pendant des heures.<br \/>Tarif : 13 \u20ac<\/p>\n<p><strong>Mini-stage enqu\u00eateurs (8\u201312 ans)<\/strong><\/p>\n<p style=\"font-size:16px\">D\u00e9couvre l\u2019univers de la police scientifique : empreintes, indices, analyses\u2026 Les enfants m\u00e8nent leur propre enqu\u00eate, comme de vrais d\u00e9tectives.<\/p>\n<p style=\"font-size:16px\">Tarif : 26 \u20ac \u2013 sur deux apr\u00e8s-midis<\/p>\n<p><img loading=\"lazy\" decoding=\"async\" width=\"683\" height=\"1024\" data-id=\"87316\" src=\"https:\/\/www.europesays.com\/fr\/wp-content\/uploads\/2025\/12\/Prehisto-Exter-2025-048-\u00a9-GAUTIER-DUFAU-683x1024.jpg\" alt=\"\" class=\"wp-image-87316\"  \/>\u00c0 Cap Sciences, chaque enfant devient l\u2019explorateur de son propre monde !\u00a9Gautier Dufau <\/p>\n<p><img loading=\"lazy\" decoding=\"async\" width=\"1024\" height=\"681\" data-id=\"87310\" src=\"https:\/\/www.europesays.com\/fr\/wp-content\/uploads\/2025\/12\/Expos-CS-2025-096-\u00a9-GAUTIER-DUFAU-1024x681.jpg\" alt=\"\" class=\"wp-image-87310\"  \/>Les yeux qui brillent, les mains qui explorent : la science devient une aventure \u00e0 chaque instant.\u00a9Gautier Dufau <\/p>\n<p><strong>Ateliers Numdo \u2013 11-14 ans<\/strong><\/p>\n<p style=\"font-size:16px\">Au FabLab : \u00ab Op\u00e9ration r\u00e9seaux sociaux \u00bb<br \/>Une initiation moderne et ludique aux codes du web : cr\u00e9ation de contenus, bonnes pratiques num\u00e9riques, montage\u2026 Parfait pour les ados.<\/p>\n<p><strong>Une pause gourmande au Caf\u00e9 des Sciences<\/strong><\/p>\n<p style=\"font-size:16px\">Parce que la d\u00e9couverte, \u00e7a creuse !<br \/>Le bar du\u00a0<strong>Caf\u00e9 des Sciences<\/strong>\u00a0et sa terrasse sont ouverts de\u00a0<strong>14h \u00e0 19h<\/strong>.<br \/>Chocolat chaud, go\u00fbter, boissons chaudes\u2026 de quoi faire une pause entre deux activit\u00e9s, en profitant de la vue sur la Garonne.<\/p>\n<p class=\"has-text-align-center\" style=\"font-size:16px\"><strong>On y va ? <\/strong><br \/>\ud83d\udccdCap Sciences \u2013 Hangar 20, Quai de Bacalan, 33300 Bordeaux<br \/>\ud83d\udcc5En semaine :\u00a011h \u2192 19h<br \/>Week-ends :\u00a014h \u2192 19h<br \/>24 &amp; 31 d\u00e9cembre :\u00a0fermeture exceptionnelle \u00e0\u00a017h<br \/>Ferm\u00e9 :\u00a025 d\u00e9cembre &amp; 1er janvier 2026<br \/>\ud83d\udc9b (Ouvert \u00e0 tous.tes)<br \/>\u00a0\ud83d\udcf2 <a href=\"http:\/\/\u27a1\ufe0f\ud83d\udcf2 Site web \u2022 Facebook \u2022 Instagram\" target=\"_blank\" rel=\"noreferrer noopener\">Site web<\/a> \u2022 <a href=\"https:\/\/www.facebook.com\/cap.sciences\" target=\"_blank\" rel=\"noreferrer noopener\">Facebook<\/a> \u2022 <a href=\"https:\/\/www.instagram.com\/capsciences\/\" target=\"_blank\" rel=\"noreferrer noopener\">Instagram<\/a><\/p>\n<p style=\"font-size:16px\">\u00c0 lire aussi : <a href=\"https:\/\/www.bougerabordeaux.com\/actu\/news\/projet-lgv-sud-ouest-le-resultat-des-consultations\/\" target=\"_blank\" rel=\"noreferrer noopener\">Projet LGV Sud-Ouest : le r\u00e9sultat des consultations<\/a><\/p>\n<p>\t\t<script async src=\"\/\/www.instagram.com\/embed.js\"><\/script><\/p>\n","protected":false},"excerpt":{"rendered":"Pour les vacances de No\u00ebl, Cap Sciences t\u2019invite \u00e0 vivre un moment magique, curieux, dr\u00f4le et passionnant en&hellip;\n","protected":false},"author":2,"featured_media":600443,"comment_status":"","ping_status":"","sticky":false,"template":"","format":"standard","meta":{"footnotes":""},"categories":[2817],"tags":[1111,11,1997,1777,674,1011,27,12,2219,25],"class_list":{"0":"post-600442","1":"post","2":"type-post","3":"status-publish","4":"format-standard","5":"has-post-thumbnail","7":"category-bordeaux","8":"tag-actu","9":"tag-actualites","10":"tag-bordeaux","11":"tag-eu","12":"tag-europe","13":"tag-fr","14":"tag-france","15":"tag-news","16":"tag-nouvelle-aquitaine","17":"tag-republique-francaise"},"share_on_mastodon":{"url":"https:\/\/pubeurope.com\/@fr\/115722790139542507","error":""},"_links":{"self":[{"href":"https:\/\/www.europesays.com\/fr\/wp-json\/wp\/v2\/posts\/600442","targetHints":{"allow":["GET"]}}],"collection":[{"href":"https:\/\/www.europesays.com\/fr\/wp-json\/wp\/v2\/posts"}],"about":[{"href":"https:\/\/www.europesays.com\/fr\/wp-json\/wp\/v2\/types\/post"}],"author":[{"embeddable":true,"href":"https:\/\/www.europesays.com\/fr\/wp-json\/wp\/v2\/users\/2"}],"replies":[{"embeddable":true,"href":"https:\/\/www.europesays.com\/fr\/wp-json\/wp\/v2\/comments?post=600442"}],"version-history":[{"count":0,"href":"https:\/\/www.europesays.com\/fr\/wp-json\/wp\/v2\/posts\/600442\/revisions"}],"wp:featuredmedia":[{"embeddable":true,"href":"https:\/\/www.europesays.com\/fr\/wp-json\/wp\/v2\/media\/600443"}],"wp:attachment":[{"href":"https:\/\/www.europesays.com\/fr\/wp-json\/wp\/v2\/media?parent=600442"}],"wp:term":[{"taxonomy":"category","embeddable":true,"href":"https:\/\/www.europesays.com\/fr\/wp-json\/wp\/v2\/categories?post=600442"},{"taxonomy":"post_tag","embeddable":true,"href":"https:\/\/www.europesays.com\/fr\/wp-json\/wp\/v2\/tags?post=600442"}],"curies":[{"name":"wp","href":"https:\/\/api.w.org\/{rel}","templated":true}]}}