{"id":600444,"date":"2025-12-15T09:06:15","date_gmt":"2025-12-15T09:06:15","guid":{"rendered":"https:\/\/www.europesays.com\/fr\/600444\/"},"modified":"2025-12-15T09:06:15","modified_gmt":"2025-12-15T09:06:15","slug":"info-route-gros-blocages-en-direction-de-bordeaux","status":"publish","type":"post","link":"https:\/\/www.europesays.com\/fr\/600444\/","title":{"rendered":"Info route : gros blocages en direction de Bordeaux"},"content":{"rendered":"<\/p>\n<p><strong>En raison de la manifestation de la Coordination Rurale de Gironde, des difficult\u00e9s de circulation sont constat\u00e9es depuis ce lundi 15 d\u00e9cembre au matin.<\/strong><\/p>\n<p>Les automobilistes circulant du <a href=\"https:\/\/tvba.fr\/actualites\/bassin-arcachon\/\" target=\"_blank\" rel=\"noreferrer noopener\">Bassin d\u2019Arcachon<\/a> vers Bordeaux doivent adapter leur itin\u00e9raire. Dans le sens Sud \u2192 Nord, tous les v\u00e9hicules sont contraints de quitter l\u2019axe principal \u00e0 l\u2019\u00e9changeur n\u00b023, au niveau de Marcheprime.<\/p>\n<p>Une d\u00e9viation est mise en place par la D5 jusqu\u2019au Barp puis la D1010 jusqu\u2019\u00e0 l\u2019\u00e9changeur 16 de la rocade (Gradignan).<\/p>\n<p><strong>Les usagers sont invit\u00e9s \u00e0 s\u2019informer sur : <a href=\"https:\/\/www.gironde.fr\/deplacements\/inforoutes\" target=\"_blank\" rel=\"noreferrer noopener\">https:\/\/www.gironde.fr\/deplacements\/inforoutes<\/a><br \/><\/strong><\/p>\n","protected":false},"excerpt":{"rendered":"En raison de la manifestation de la Coordination Rurale de Gironde, des difficult\u00e9s de circulation sont constat\u00e9es depuis&hellip;\n","protected":false},"author":2,"featured_media":600445,"comment_status":"","ping_status":"","sticky":false,"template":"","format":"standard","meta":{"footnotes":""},"categories":[2817],"tags":[1111,11,1997,1777,674,1011,27,12,2219,25],"class_list":{"0":"post-600444","1":"post","2":"type-post","3":"status-publish","4":"format-standard","5":"has-post-thumbnail","7":"category-bordeaux","8":"tag-actu","9":"tag-actualites","10":"tag-bordeaux","11":"tag-eu","12":"tag-europe","13":"tag-fr","14":"tag-france","15":"tag-news","16":"tag-nouvelle-aquitaine","17":"tag-republique-francaise"},"share_on_mastodon":{"url":"https:\/\/pubeurope.com\/@fr\/115722792814627647","error":""},"_links":{"self":[{"href":"https:\/\/www.europesays.com\/fr\/wp-json\/wp\/v2\/posts\/600444","targetHints":{"allow":["GET"]}}],"collection":[{"href":"https:\/\/www.europesays.com\/fr\/wp-json\/wp\/v2\/posts"}],"about":[{"href":"https:\/\/www.europesays.com\/fr\/wp-json\/wp\/v2\/types\/post"}],"author":[{"embeddable":true,"href":"https:\/\/www.europesays.com\/fr\/wp-json\/wp\/v2\/users\/2"}],"replies":[{"embeddable":true,"href":"https:\/\/www.europesays.com\/fr\/wp-json\/wp\/v2\/comments?post=600444"}],"version-history":[{"count":0,"href":"https:\/\/www.europesays.com\/fr\/wp-json\/wp\/v2\/posts\/600444\/revisions"}],"wp:featuredmedia":[{"embeddable":true,"href":"https:\/\/www.europesays.com\/fr\/wp-json\/wp\/v2\/media\/600445"}],"wp:attachment":[{"href":"https:\/\/www.europesays.com\/fr\/wp-json\/wp\/v2\/media?parent=600444"}],"wp:term":[{"taxonomy":"category","embeddable":true,"href":"https:\/\/www.europesays.com\/fr\/wp-json\/wp\/v2\/categories?post=600444"},{"taxonomy":"post_tag","embeddable":true,"href":"https:\/\/www.europesays.com\/fr\/wp-json\/wp\/v2\/tags?post=600444"}],"curies":[{"name":"wp","href":"https:\/\/api.w.org\/{rel}","templated":true}]}}