{"id":600457,"date":"2025-12-15T09:13:18","date_gmt":"2025-12-15T09:13:18","guid":{"rendered":"https:\/\/www.europesays.com\/fr\/600457\/"},"modified":"2025-12-15T09:13:18","modified_gmt":"2025-12-15T09:13:18","slug":"lyon-de-nouveaux-commerces-dont-un-tres-repute-vont-ouvrir-a-la-gare-sncf-part-dieu","status":"publish","type":"post","link":"https:\/\/www.europesays.com\/fr\/600457\/","title":{"rendered":"Lyon. De nouveaux commerces, dont un tr\u00e8s r\u00e9put\u00e9, vont ouvrir \u00e0 la gare SNCF Part-Dieu"},"content":{"rendered":"<p>                    Par<br \/>\n        <strong><br \/>\n            <a href=\"https:\/\/actu.fr\/auteur\/anthony-soudani\" title=\"Consulter tous les articles de Anthony Soudani\" target=\"_blank\" rel=\"noopener\">Anthony Soudani<\/a><br \/>\n                    <\/strong><\/p>\n<p>        Publi\u00e9 le<\/p>\n<p>            15 d\u00e9c. 2025 \u00e0 9h28        <\/p>\n<p><strong>INFO ACTU LYON.<\/strong> Les travaux du hall 1 de la <a href=\"https:\/\/actu.fr\/auvergne-rhone-alpes\/lyon_69123\/lyon-la-gare-sncf-part-dieu-mal-notee-dans-ce-classement-europeen-voici-pourquoi_63379075.html\" target=\"_blank\" rel=\"noopener\">gare SNCF de Lyon Part-Dieu<\/a> touchent bient\u00f4t \u00e0 leur fin. De nouveaux espaces \u00ab\u00a0innovants, \u00e9co-con\u00e7us et chaleureux\u00a0\u00bb accueilleront les milliers de voyageurs. <strong>Deux commerces ouvriront d\u00e8s le 18 d\u00e9cembre.<\/strong> L\u2019un d\u2019entre eux est port\u00e9 par une grande institution lyonnaise.<\/p>\n<p>Une \u00e9picerie-comptoir de la M\u00e8re Brazier<\/p>\n<p class=\" wall-content\">Il s\u2019agit de la M\u00e8re Brazier. Selon nos informations, le restaurant gastronomique 2 \u00e9toiles au Guide Michelin va ouvrir une \u00e9picerie-comptoir, comme aux Halles Paul Bocuse ou encore sur le cours Roosevelt dans le 6\u1d49 arrondissement et \u00e0 Vaise (Lyon 9\u1d49).<\/p>\n<blockquote class=\"ac-article-quote wall-content\">\n<p>Manger, boire et faire ses courses : les \u00e9piceries-comptoirs M\u00e8re Brazier vous accueillent \u00e0 Lyon dans des lieux de vie uniques m\u00ealant boulangerie, p\u00e2tisserie, charcuterie, cr\u00e8merie, caviste, \u00e9picerie, restaurant et parfois m\u00eame primeur.<\/p>\n<p>    <strong>M\u00e8re Brazier<\/strong>\n            <\/p><\/blockquote>\n<p class=\" wall-content\">L\u2019\u00e9picerie-comptoir de la M\u00e8re Brazier proposera une offre vari\u00e9e de quiches, salades, sandwichs\u2026 et locale avec des produits lyonnais d\u00e9clin\u00e9s en \u00ab\u00a0take away\u00a0\u00bb (p\u00e2t\u00e9 en cro\u00fbte individuel, saucissons brioch\u00e9s, friands au m\u00e8tre <strong>\u00e0 emporter<\/strong>\u2026)<\/p>\n<p>Une autre enseigne 100% v\u00e9g\u00e9tarienne<\/p>\n<p class=\" wall-content\">L\u2019autre commerce qui va ouvrir juste \u00e0 c\u00f4t\u00e9 est Donnant Caf\u00e9 et Porridges. L\u2019enseigne 100% v\u00e9g\u00e9tarienne, d\u00e9j\u00e0 pr\u00e9sente Gare du Nord \u00e0 Paris, offre la possibilit\u00e9 aux clients de prendre un caf\u00e9 ou de d\u00e9couvrir le porridge, une bouillie chaude de flocons d\u2019avoine originaire d\u2019\u00c9cosse et que l\u2019on consomme g\u00e9n\u00e9ralement au petit-d\u00e9jeuner.<\/p>\n<p class=\" wall-content\">\n    <img   decoding=\"async\" loading=\"lazy\" src=\"https:\/\/www.europesays.com\/fr\/wp-content\/uploads\/2025\/12\/donnant-gare-part-dieu-960x640.jpg\" alt=\"L'enseigne Donnant va s'installer au sein du hall 1 de la gare SNCF de Lyon Part-Dieu.\" width=\"960\" height=\"640\"\/><br \/>\n    L\u2019enseigne Donnant va s\u2019installer au sein du hall 1 de la gare SNCF de Lyon Part-Dieu. (\u00a9Anthony Soudani \/ actu Lyon)<br \/>\n    <img   decoding=\"async\" loading=\"lazy\" src=\"https:\/\/www.europesays.com\/fr\/wp-content\/uploads\/2025\/12\/gare-part-dieu-lyon-960x640.jpg\" alt=\"Les nouveaux espaces du hall 1 de la gare SNCF de Lyon Part-Dieu seront livr\u00e9s le jeudi 18 d\u00e9cembre.\" width=\"960\" height=\"640\"\/><br \/>\n    Les nouveaux espaces du hall 1 de la gare SNCF de Lyon Part-Dieu seront livr\u00e9s le jeudi 18 d\u00e9cembre. (\u00a9Anthony Soudani \/ actu Lyon)<\/p>\n<p class=\" wall-content\">Un espace pour les familles va \u00e9galement ouvrir. \u00ab\u00a0En plein c\u0153ur de la gare, ce nouvel espace offrira une exp\u00e9rience agr\u00e9able et reposante pour les familles en transit\u00a0\u00bb, promet la <a href=\"https:\/\/actu.fr\/tag\/sncf\" target=\"_blank\" rel=\"noopener\">SNCF<\/a>.<\/p>\n<p class=\" wall-content\">Personnalisez votre actualit\u00e9 en ajoutant vos villes et m\u00e9dias en favori avec <a href=\"https:\/\/moncompte.actu.fr\" title=\"D\u00e9couvez Mon Actu\" rel=\"nofollow noopener\" data-trk=\"{&quot;cta&quot;:{&quot;action&quot;:&quot;https:\\\/\\\/moncompte.actu.fr&quot;,&quot;category&quot;:&quot;mon compte&quot;,&quot;from&quot;:&quot;article footer&quot;,&quot;name&quot;:&quot;Mon actu&quot;,&quot;type&quot;:&quot;cta&quot;}}\" target=\"_blank\">Mon Actu<\/a>.<\/p>\n","protected":false},"excerpt":{"rendered":"Par Anthony Soudani Publi\u00e9 le 15 d\u00e9c. 2025 \u00e0 9h28 INFO ACTU LYON. Les travaux du hall 1&hellip;\n","protected":false},"author":2,"featured_media":600458,"comment_status":"","ping_status":"","sticky":false,"template":"","format":"standard","meta":{"footnotes":""},"categories":[1889],"tags":[1111,11,2430,215,1777,674,1011,27,2428,6178,12,25,2215,104],"class_list":{"0":"post-600457","1":"post","2":"type-post","3":"status-publish","4":"format-standard","5":"has-post-thumbnail","7":"category-lyon","8":"tag-actu","9":"tag-actualites","10":"tag-auvergne-rhone-alpes","11":"tag-commerce","12":"tag-eu","13":"tag-europe","14":"tag-fr","15":"tag-france","16":"tag-lyon","17":"tag-lyon-part-dieu","18":"tag-news","19":"tag-republique-francaise","20":"tag-sncf","21":"tag-societe"},"share_on_mastodon":{"url":"https:\/\/pubeurope.com\/@fr\/115722821865062412","error":""},"_links":{"self":[{"href":"https:\/\/www.europesays.com\/fr\/wp-json\/wp\/v2\/posts\/600457","targetHints":{"allow":["GET"]}}],"collection":[{"href":"https:\/\/www.europesays.com\/fr\/wp-json\/wp\/v2\/posts"}],"about":[{"href":"https:\/\/www.europesays.com\/fr\/wp-json\/wp\/v2\/types\/post"}],"author":[{"embeddable":true,"href":"https:\/\/www.europesays.com\/fr\/wp-json\/wp\/v2\/users\/2"}],"replies":[{"embeddable":true,"href":"https:\/\/www.europesays.com\/fr\/wp-json\/wp\/v2\/comments?post=600457"}],"version-history":[{"count":0,"href":"https:\/\/www.europesays.com\/fr\/wp-json\/wp\/v2\/posts\/600457\/revisions"}],"wp:featuredmedia":[{"embeddable":true,"href":"https:\/\/www.europesays.com\/fr\/wp-json\/wp\/v2\/media\/600458"}],"wp:attachment":[{"href":"https:\/\/www.europesays.com\/fr\/wp-json\/wp\/v2\/media?parent=600457"}],"wp:term":[{"taxonomy":"category","embeddable":true,"href":"https:\/\/www.europesays.com\/fr\/wp-json\/wp\/v2\/categories?post=600457"},{"taxonomy":"post_tag","embeddable":true,"href":"https:\/\/www.europesays.com\/fr\/wp-json\/wp\/v2\/tags?post=600457"}],"curies":[{"name":"wp","href":"https:\/\/api.w.org\/{rel}","templated":true}]}}