{"id":600463,"date":"2025-12-15T09:17:13","date_gmt":"2025-12-15T09:17:13","guid":{"rendered":"https:\/\/www.europesays.com\/fr\/600463\/"},"modified":"2025-12-15T09:17:13","modified_gmt":"2025-12-15T09:17:13","slug":"les-syndicats-prevoient-une-mobilisation-puissante-louverture-du-musee-menacee-ce-lundi","status":"publish","type":"post","link":"https:\/\/www.europesays.com\/fr\/600463\/","title":{"rendered":"les syndicats pr\u00e9voient une mobilisation \u00ab\u00a0puissante\u00a0\u00bb, l&rsquo;ouverture du mus\u00e9e menac\u00e9e ce lundi"},"content":{"rendered":"<p>                    Par<br \/>\n        <strong><br \/>\n            <a href=\"https:\/\/actu.fr\/auteur\/redaction-paris\" title=\"Consulter tous les articles de R\u00e9daction Paris\" target=\"_blank\" rel=\"noopener\">R\u00e9daction Paris<\/a><br \/>\n                    <\/strong><\/p>\n<p>        Publi\u00e9 le<\/p>\n<p>            15 d\u00e9c. 2025 \u00e0 8h57        <\/p>\n<p>Les milliers de visiteurs qui se pressent chaque jour pour venir <strong>admirer les \u0153uvres<\/strong> du <a href=\"https:\/\/actu.fr\/tag\/musee-du-louvre\" target=\"_blank\" rel=\"noopener\">Louvre<\/a> vont-ils trouver porte close ce lundi 15 d\u00e9cembre 2025\u2009? En raison d\u2019une <a href=\"https:\/\/actu.fr\/ile-de-france\/paris_75056\/cambriolage-inedit-inondation-le-louvre-doit-maintenant-faire-face-a-une-greve-de-ses-salaries_63545127.html\" target=\"_blank\" rel=\"noopener\">gr\u00e8ve de son personnel<\/a>, le mus\u00e9e pourrait \u00eatre contraint de fermer ses portes. Une nouvelle \u00e9preuve, moins de deux mois apr\u00e8s le <a href=\"https:\/\/actu.fr\/ile-de-france\/paris_75056\/vol-de-bijoux-au-musee-du-louvre-a-paris-le-quatrieme-membre-presume-du-commando-mis-en-examen_63504312.html\" target=\"_blank\" rel=\"noopener\">cambriolage du 19\u00a0octobre<\/a> et la mise \u00e0 nu de ses dysfonctionnements.<\/p>\n<p>Pas d\u2019ouverture \u00e0 l\u2019heure habituelle<\/p>\n<p class=\" wall-content\">\u00c0 9\u00a0heures, les salari\u00e9s doivent se r\u00e9unir en assembl\u00e9e g\u00e9n\u00e9rale pour se prononcer sur l\u2019appel lanc\u00e9 par les syndicats \u00e0 une <strong>\u00ab\u2009gr\u00e8ve reconductible\u2009\u00bb<\/strong> contre des \u00ab\u2009conditions de travail toujours plus d\u00e9grad\u00e9es\u2009\u00bb et la d\u00e9t\u00e9rioration de l\u2019accueil du public dans le mus\u00e9e, l\u2019un des plus visit\u00e9s au monde.<\/p>\n<p class=\" wall-content\">\u00ab\u2009Visiter le Louvre est devenu un v\u00e9ritable parcours du combattant\u2009\u00bb, \u00e9crivent les syndicats CGT, CFDT et SUD dans leur pr\u00e9avis de gr\u00e8ve envoy\u00e9 le 8\u00a0d\u00e9cembre \u00e0 la ministre de la Culture <a href=\"https:\/\/actu.fr\/tag\/rachida-dati\" target=\"_blank\" rel=\"noopener\">Rachida Dati<\/a>.\u00a0En fonction de l\u2019ampleur du vote, qui devrait \u00eatre connue vers 10\u00a0heures, le Louvre pourrait, faute d\u2019agents suffisants, <strong>fermer certains de ses espaces<\/strong> voire l\u2019ensemble du b\u00e2timent.<\/p>\n<p class=\" wall-content\">Seule certitude\u2009: le mus\u00e9e n\u2019ouvrira pas comme pr\u00e9vu \u00e0 9\u00a0heures en raison de l\u2019assembl\u00e9e g\u00e9n\u00e9rale. \u00ab\u2009On se pr\u00e9pare lundi \u00e0 une mobilisation puissante. On aura <strong>beaucoup plus de gr\u00e9vistes<\/strong> que d\u2019habitude\u2009\u00bb, pr\u00e9dit Christian Galani de la CGT, syndicat majoritaire au Louvre, qui d\u00e9nonce, comme les autres organisations professionnelles, des probl\u00e8mes de sous-effectifs.<\/p>\n<p>Des n\u00e9gociations en cours<\/p>\n<p class=\" wall-content\">Pour tenter d\u2019\u00e9viter une fermeture du mus\u00e9e \u00e0 l\u2019approche des vacances de <a href=\"https:\/\/actu.fr\/tag\/noel\" target=\"_blank\" rel=\"noopener\">No\u00ebl<\/a>, des r\u00e9unions ont eu lieu la semaine derni\u00e8re au minist\u00e8re de la Culture avec les syndicats, dont une avec Rachida Dati en personne.\u00a0Face aux syndicats, la ministre s\u2019est engag\u00e9e \u00e0 revenir sur <strong>la baisse de 5,7\u00a0millions d\u2019euros<\/strong> de dotation publique au Louvre pr\u00e9vue dans le projet de loi de finances 2026, a-t-on appris de sources concordantes. En 2024, le mus\u00e9e a per\u00e7u 98,2\u00a0millions d\u2019euros de subventions de l\u2019\u00c9tat.<\/p>\n<p class=\" wall-content\">Il n\u2019y a eu \u00ab\u2009aucune autre avanc\u00e9e significative\u2009\u00bb, selon la CGT mais la CFDT assure que les discussions se sont d\u00e9roul\u00e9es de \u00ab\u2009fa\u00e7on intelligente et apais\u00e9e\u2009\u00bb. \u00ab\u2009Pas d\u2019annonce tonitruante, <strong>pas de col\u00e8re<\/strong>, chacun comprend les deux parties\u2009\u00bb, a assur\u00e9 sa d\u00e9l\u00e9gu\u00e9e Val\u00e9rie Baud, interrog\u00e9e la semaine derni\u00e8re par l\u2019AFP.<\/p>\n<p>R\u00e9organisation et tandem\u00a0<\/p>\n<p class=\" wall-content\">En parall\u00e8le de ce conflit social, le mus\u00e9e doit faire face \u00e0 une r\u00e9organisation \u00e0 marche forc\u00e9e et continuer de r\u00e9pondre aux <strong>interrogations sur les failles<\/strong> qui ont permis \u00e0 un commando de s\u2019emparer de huit joyaux de la Couronne, toujours introuvables.<\/p>\n<p>Votre r\u00e9gion, votre actu !<\/p>\n<p>Recevez chaque jour les infos qui comptent pour vous.<\/p>\n<p>\t<a href=\"https:\/\/actu.fr\/newsletter\" class=\"ac-btn ac-btn--corner ac-btn--medium ac-btn--blue800\" target=\"_blank\" rel=\"noopener\">S&rsquo;incrire<\/a><\/p>\n<p class=\" wall-content\">Fragilis\u00e9e, la pr\u00e9sidente du Louvre Laurence des Cars devra, l\u2019espace de quelques mois, travailler en tandem avec Philippe Jost, le haut fonctionnaire charg\u00e9 du chantier de reconstruction de Notre-Dame, \u00e0 qui Rachida Dati a confi\u00e9 vendredi la mission de \u00ab\u2009<strong>r\u00e9organiser en profondeur<\/strong> le mus\u00e9e\u2009\u00bb. \u00ab\u2009Des mesures indispensables sont \u00e0 prendre, bien au-del\u00e0 de la s\u00fbret\u00e9 et de la s\u00e9curit\u00e9\u2009\u00bb, a d\u00e9clar\u00e9 la ministre, sans donner plus de d\u00e9tails.<\/p>\n<p class=\" wall-content\">\u00ab\u2009Toute r\u00e9flexion sur l\u2019avenir du Louvre ne saurait se limiter \u00e0 une <strong>approche technico-organisationnelle<\/strong>\u2009\u00bb, a r\u00e9agi la CFDT, demandant de conna\u00eetre le \u00ab\u2009p\u00e9rim\u00e8tre exact\u2009\u00bb de cette mission.\u00a0Les premi\u00e8res recommandations de Philippe Jost sont attendues \u00ab\u2009fin f\u00e9vrier\u00a02026\u2009\u00bb.<\/p>\n<p class=\" wall-content\">Avec AFP.<\/p>\n<p class=\" wall-content\">Personnalisez votre actualit\u00e9 en ajoutant vos villes et m\u00e9dias en favori avec <a href=\"https:\/\/moncompte.actu.fr\" title=\"D\u00e9couvez Mon Actu\" rel=\"nofollow noopener\" data-trk=\"{&quot;cta&quot;:{&quot;action&quot;:&quot;https:\\\/\\\/moncompte.actu.fr&quot;,&quot;category&quot;:&quot;mon compte&quot;,&quot;from&quot;:&quot;article footer&quot;,&quot;name&quot;:&quot;Mon actu&quot;,&quot;type&quot;:&quot;cta&quot;}}\" target=\"_blank\">Mon Actu<\/a>.<\/p>\n","protected":false},"excerpt":{"rendered":"Par R\u00e9daction Paris Publi\u00e9 le 15 d\u00e9c. 2025 \u00e0 8h57 Les milliers de visiteurs qui se pressent chaque&hellip;\n","protected":false},"author":2,"featured_media":600464,"comment_status":"","ping_status":"","sticky":false,"template":"","format":"standard","meta":{"footnotes":""},"categories":[1888],"tags":[1111,1928,11,1927,1777,674,1011,27,6151,3094,12,1926,626,1925,25,104],"class_list":{"0":"post-600463","1":"post","2":"type-post","3":"status-publish","4":"format-standard","5":"has-post-thumbnail","7":"category-paris","8":"tag-actu","9":"tag-actu-paris","10":"tag-actualites","11":"tag-actualites-paris","12":"tag-eu","13":"tag-europe","14":"tag-fr","15":"tag-france","16":"tag-greve","17":"tag-musee-du-louvre","18":"tag-news","19":"tag-news-paris","20":"tag-paris","21":"tag-paris-news","22":"tag-republique-francaise","23":"tag-societe"},"share_on_mastodon":{"url":"https:\/\/pubeurope.com\/@fr\/115722835939816524","error":""},"_links":{"self":[{"href":"https:\/\/www.europesays.com\/fr\/wp-json\/wp\/v2\/posts\/600463","targetHints":{"allow":["GET"]}}],"collection":[{"href":"https:\/\/www.europesays.com\/fr\/wp-json\/wp\/v2\/posts"}],"about":[{"href":"https:\/\/www.europesays.com\/fr\/wp-json\/wp\/v2\/types\/post"}],"author":[{"embeddable":true,"href":"https:\/\/www.europesays.com\/fr\/wp-json\/wp\/v2\/users\/2"}],"replies":[{"embeddable":true,"href":"https:\/\/www.europesays.com\/fr\/wp-json\/wp\/v2\/comments?post=600463"}],"version-history":[{"count":0,"href":"https:\/\/www.europesays.com\/fr\/wp-json\/wp\/v2\/posts\/600463\/revisions"}],"wp:featuredmedia":[{"embeddable":true,"href":"https:\/\/www.europesays.com\/fr\/wp-json\/wp\/v2\/media\/600464"}],"wp:attachment":[{"href":"https:\/\/www.europesays.com\/fr\/wp-json\/wp\/v2\/media?parent=600463"}],"wp:term":[{"taxonomy":"category","embeddable":true,"href":"https:\/\/www.europesays.com\/fr\/wp-json\/wp\/v2\/categories?post=600463"},{"taxonomy":"post_tag","embeddable":true,"href":"https:\/\/www.europesays.com\/fr\/wp-json\/wp\/v2\/tags?post=600463"}],"curies":[{"name":"wp","href":"https:\/\/api.w.org\/{rel}","templated":true}]}}