{"id":600469,"date":"2025-12-15T09:25:21","date_gmt":"2025-12-15T09:25:21","guid":{"rendered":"https:\/\/www.europesays.com\/fr\/600469\/"},"modified":"2025-12-15T09:25:21","modified_gmt":"2025-12-15T09:25:21","slug":"la-bourse-de-paris-en-hausse-15-12-2025-a-1000","status":"publish","type":"post","link":"https:\/\/www.europesays.com\/fr\/600469\/","title":{"rendered":"La Bourse de Paris en hausse &#8211; 15\/12\/2025 \u00e0 10:00"},"content":{"rendered":"<p>        <img decoding=\"async\" src=\"https:\/\/www.europesays.com\/fr\/wp-content\/uploads\/2025\/12\/6721e365d015d938ce14d309996d0635-760x507.jpg\" alt=\"Le groupe pharmaceutique Sanofi recule \u00e0 la Bourse de Paris apr\u00e8s avoir indiqu\u00e9 qu'il s'attend \u00e0 un report de la d\u00e9cision d'autorisation aux Etats-Unis pour son traitement exp\u00e9rimental contre la scl\u00e9rose en plaques ( AFP \/ LUDOVIC MARIN )\" loading=\"eager\" fetchpriority=\"high\" width=\"760\" height=\"507\" style=\"max-width: 100%!important; height: auto;\"\/><\/p>\n<p class=\"c-image-news__legend\">Le groupe pharmaceutique Sanofi recule \u00e0 la Bourse de Paris apr\u00e8s avoir indiqu\u00e9 qu&rsquo;il s&rsquo;attend \u00e0 un report de la d\u00e9cision d&rsquo;autorisation aux Etats-Unis pour son traitement exp\u00e9rimental contre la scl\u00e9rose en plaques ( AFP \/ LUDOVIC MARIN )<\/p>\n<p>\n La Bourse de Paris \u00e9volue dans le vert lundi, \u00e0 l&rsquo;or\u00e9e d&rsquo;une semaine o\u00f9 l&rsquo;attention sera focalis\u00e9e sur la r\u00e9union de la Banque centrale europ\u00e9enne (BCE) jeudi et des indicateurs macro\u00e9conomiques aux Etats-Unis.\n<\/p>\n<p>\n Vers 9H40 (heure de Paris), le CAC 40 prenait 0,59% \u00e0 8.115,94 points, en hausse de 47,80 points. Vendredi, l&rsquo;indice<br \/>\n vedette parisien avait perdu 0,21% \u00e0 8.068,62 points.\n<\/p>\n<p>\n Les march\u00e9s du Vieux Continent attendent la r\u00e9union de BCE pour sa derni\u00e8re d\u00e9cision de politique mon\u00e9taire de l&rsquo;ann\u00e9e et ses nouvelles projections macro\u00e9conomiques. L&rsquo;institution devrait maintenir ses taux d&rsquo;int\u00e9r\u00eat inchang\u00e9s.\n<\/p>\n<p>\n D\u00e9but d\u00e9cembre, sa pr\u00e9sidente Christine Lagarde avait jug\u00e9 la politique mon\u00e9taire actuelle \u00ab\u00a0bien positionn\u00e9e\u00a0\u00bb, une expression utilis\u00e9e par les responsables de l&rsquo;institution depuis le mois de juin, quand elle a baiss\u00e9 ses taux pour la derni\u00e8re fois.\n<\/p>\n<p>\n Autre point d&rsquo;attention cette semaine: la publication des chiffres de l&#8217;emploi am\u00e9ricain pour le mois de novembre, mardi, \u00ab\u00a0qui devraient poser les bases mon\u00e9taires pour 2026\u00a0\u00bb, selon John Plassard, responsable de la strat\u00e9gie d&rsquo;investissement chez Cit\u00e9 Gestion Private Bank.\n<\/p>\n<p>\n Cette publication avait \u00e9t\u00e9 retard\u00e9e en raison de la longue paralysie budg\u00e9taire (\u00ab\u00a0shutdown\u00a0\u00bb) qui a touch\u00e9 les Etats-Unis du 1er octobre au 12 novembre. Or, elle est cruciale pour la politique mon\u00e9taire de la R\u00e9serve f\u00e9d\u00e9rale am\u00e9ricaine (Fed).\n<\/p>\n<p>\n Si le march\u00e9 du travail &#8211; et donc l&rsquo;\u00e9conomie &#8211; ralentit, la banque centrale disposera de davantage de marge de man\u0153uvre pour baisser ses taux l&rsquo;an prochain afin de soutenir l&rsquo;activit\u00e9, ce qui est bon pour les actions.\n<\/p>\n<p>\n Mais des chiffres trop faibles inqui\u00e9teraient les investisseurs concernant la dynamique de la premi\u00e8re \u00e9conomie mondiale.\n<\/p>\n<p>\n \u00ab\u00a0Les investisseurs souhaitent des donn\u00e9es sur le march\u00e9 du travail suffisamment faibles pour justifier de nouvelles baisses de taux, mais pas trop faibles au point de signaler un fort ralentissement\u00a0\u00bb, r\u00e9sume Ipek Ozkardeskaya, analyste pour Swissquote Bank.\n<\/p>\n<p>\n \u00ab\u00a0En cas de chiffres d\u00e9cevants, les anticipations (de baisses de taux, NDLR) sur la Fed d&rsquo;ici la fin de l&rsquo;ann\u00e9e prochaine pourraient changer rapidement\u00a0\u00bb, rel\u00e8vent les analystes de Natixis.\n<\/p>\n<p>\n Les chiffres de l&rsquo;inflation (CPI) seront aussi scrut\u00e9s par les investisseurs jeudi. Un indice des prix trop \u00e9lev\u00e9 rendrait plus difficile des baisses de taux, car elles peuvent elles-m\u00eame avoir des effets inflationnistes.\n<\/p>\n<p> &#8211;<br \/>\n <a href=\"https:\/\/www.boursorama.com\/cours\/1rPSAN\/\" target=\"_blank\" rel=\"noopener\"><br \/>\n  Sanofi<br \/>\n <\/a><br \/>\n sanctionn\u00e9 &#8211;<\/p>\n<p>\n Le groupe pharmaceutique Sanofi perdait 4,96% \u00e0 79,21 euros \u00e0 Paris, apr\u00e8s avoir indiqu\u00e9 qu&rsquo;il s&rsquo;attendait \u00e0 un report de la d\u00e9cision r\u00e9glementaire d&rsquo;autorisation aux Etats-Unis pour son traitement exp\u00e9rimental tol\u00e9brutinib, contre la scl\u00e9rose en plaques.\n<\/p>\n<p>\n \u00ab\u00a0Le processus d&rsquo;examen de la r\u00e9vision r\u00e9glementaire am\u00e9ricaine en cours\u00a0\u00bb s&rsquo;\u00e9tendra \u00ab\u00a0au-del\u00e0 de la date (&#8230;) pr\u00e9c\u00e9demment communiqu\u00e9e du 28 d\u00e9cembre 2025\u00a0\u00bb, a affirm\u00e9 Sanofi, qui s&rsquo;attend \u00ab\u00a0\u00e0 recevoir des orientations suppl\u00e9mentaires (&#8230;) d&rsquo;ici la fin du premier trimestre 2026\u00a0\u00bb.\n<\/p>\n<p>\n Euronext CAC40<\/p>\n","protected":false},"excerpt":{"rendered":"Le groupe pharmaceutique Sanofi recule \u00e0 la Bourse de Paris apr\u00e8s avoir indiqu\u00e9 qu&rsquo;il s&rsquo;attend \u00e0 un report&hellip;\n","protected":false},"author":2,"featured_media":600470,"comment_status":"","ping_status":"","sticky":false,"template":"","format":"standard","meta":{"footnotes":""},"categories":[1888],"tags":[400,11,398,408,405,1777,674,1011,27,403,402,399,404,12,626,25,401,406,407],"class_list":{"0":"post-600469","1":"post","2":"type-post","3":"status-publish","4":"format-standard","5":"has-post-thumbnail","7":"category-paris","8":"tag-action-cac-40","9":"tag-actualites","10":"tag-bourse-de-paris","11":"tag-boursorama","12":"tag-cotations","13":"tag-eu","14":"tag-europe","15":"tag-fr","16":"tag-france","17":"tag-indices-devises","18":"tag-investir","19":"tag-investissement","20":"tag-marche-boursier","21":"tag-news","22":"tag-paris","23":"tag-republique-francaise","24":"tag-sicav","25":"tag-trackers","26":"tag-warrants"},"share_on_mastodon":{"url":"https:\/\/pubeurope.com\/@fr\/115722867863494738","error":""},"_links":{"self":[{"href":"https:\/\/www.europesays.com\/fr\/wp-json\/wp\/v2\/posts\/600469","targetHints":{"allow":["GET"]}}],"collection":[{"href":"https:\/\/www.europesays.com\/fr\/wp-json\/wp\/v2\/posts"}],"about":[{"href":"https:\/\/www.europesays.com\/fr\/wp-json\/wp\/v2\/types\/post"}],"author":[{"embeddable":true,"href":"https:\/\/www.europesays.com\/fr\/wp-json\/wp\/v2\/users\/2"}],"replies":[{"embeddable":true,"href":"https:\/\/www.europesays.com\/fr\/wp-json\/wp\/v2\/comments?post=600469"}],"version-history":[{"count":0,"href":"https:\/\/www.europesays.com\/fr\/wp-json\/wp\/v2\/posts\/600469\/revisions"}],"wp:featuredmedia":[{"embeddable":true,"href":"https:\/\/www.europesays.com\/fr\/wp-json\/wp\/v2\/media\/600470"}],"wp:attachment":[{"href":"https:\/\/www.europesays.com\/fr\/wp-json\/wp\/v2\/media?parent=600469"}],"wp:term":[{"taxonomy":"category","embeddable":true,"href":"https:\/\/www.europesays.com\/fr\/wp-json\/wp\/v2\/categories?post=600469"},{"taxonomy":"post_tag","embeddable":true,"href":"https:\/\/www.europesays.com\/fr\/wp-json\/wp\/v2\/tags?post=600469"}],"curies":[{"name":"wp","href":"https:\/\/api.w.org\/{rel}","templated":true}]}}