{"id":600493,"date":"2025-12-15T09:39:15","date_gmt":"2025-12-15T09:39:15","guid":{"rendered":"https:\/\/www.europesays.com\/fr\/600493\/"},"modified":"2025-12-15T09:39:15","modified_gmt":"2025-12-15T09:39:15","slug":"rugby-son-debut-de-mandat-le-salary-cap-la-pro-d2-le-fcg-et-le-vrdr-les-confidences-du-president-haut-savoyard-de-la-lnr-yann-roubert","status":"publish","type":"post","link":"https:\/\/www.europesays.com\/fr\/600493\/","title":{"rendered":"Rugby. Son d\u00e9but de mandat, le salary cap, la Pro D2, le FCG et le VRDR&#8230; les confidences du pr\u00e9sident haut-savoyard de la LNR Yann Roubert"},"content":{"rendered":"<p>                            Son d\u00e9but de mandat<\/p>\n<p>\u00ab\u00a0On ne s\u2019ennuie pas. C\u2019est passionnant \u00e0 d\u00e9faut d\u2018\u00eatre reposant. D\u2019une mani\u00e8re tr\u00e8s g\u00e9n\u00e9rale, \u00e9videmment, on peut se r\u00e9jouir d\u2019avoir v\u00e9cu un tr\u00e8s grand cru la saison derni\u00e8re avec sans doute une des plus belles finales de ces derni\u00e8res ann\u00e9es. Mais au-del\u00e0 du sc\u00e9nario du match, on a eu des stades pleins pour tous les matches de phase finale, que ce soit en Top 14 comme en Pro D2, des records d\u2019affluence, mais aussi d\u2019audience, d\u2019intensit\u00e9 et de revenus pour les clubs. J\u2019y associe \u00e9videmment les r\u00e9sultats de l\u2018\u00e9quipe de France si je parle de la saison derni\u00e8re avec le Tournoi des 6 nations \u00e0 la fois chez les grands et chez les moins de 20 ans, m\u00eame si \u00e9videmment, on a eu un peu plus de mal \u00e0 la tourn\u00e9e de novembre. La dynamique est bonne, il faut poursuivre les efforts pour l\u2019entretenir et continuer \u00e0 l\u2019am\u00e9liorer.\u00a0\u00bb<\/p>\n<p>Le salary cap<\/p>\n<p>\u00ab\u00a0On s\u2018\u00e9tait&#8230;<\/p>\n","protected":false},"excerpt":{"rendered":"Son d\u00e9but de mandat \u00ab\u00a0On ne s\u2019ennuie pas. C\u2019est passionnant \u00e0 d\u00e9faut d\u2018\u00eatre reposant. D\u2019une mani\u00e8re tr\u00e8s g\u00e9n\u00e9rale,&hellip;\n","protected":false},"author":2,"featured_media":600494,"comment_status":"","ping_status":"","sticky":false,"template":"","format":"standard","meta":{"footnotes":""},"categories":[1416],"tags":[4637,2727,1701,1011,27,4638,2308,479,1468,517,60,37753,37756,37754,478,2728],"class_list":{"0":"post-600493","1":"post","2":"type-post","3":"status-publish","4":"format-standard","5":"has-post-thumbnail","7":"category-rugby","8":"tag-edition-grand-geneve-chablais-ain","9":"tag-fcg-fc-grenoble-rugby","10":"tag-fil-info-sport","11":"tag-fr","12":"tag-france","13":"tag-haute-savoie","14":"tag-pro-d2","15":"tag-rugby","16":"tag-rugby-football","17":"tag-sport","18":"tag-sports","19":"tag-thonon-les-bains","20":"tag-thonon-les-bains-le-chablais","21":"tag-thonon-les-bains-bassin","22":"tag-top-14","23":"tag-vrdr-valence-romans-drome-rugby"},"share_on_mastodon":{"url":"https:\/\/pubeurope.com\/@fr\/115722922552051546","error":""},"_links":{"self":[{"href":"https:\/\/www.europesays.com\/fr\/wp-json\/wp\/v2\/posts\/600493","targetHints":{"allow":["GET"]}}],"collection":[{"href":"https:\/\/www.europesays.com\/fr\/wp-json\/wp\/v2\/posts"}],"about":[{"href":"https:\/\/www.europesays.com\/fr\/wp-json\/wp\/v2\/types\/post"}],"author":[{"embeddable":true,"href":"https:\/\/www.europesays.com\/fr\/wp-json\/wp\/v2\/users\/2"}],"replies":[{"embeddable":true,"href":"https:\/\/www.europesays.com\/fr\/wp-json\/wp\/v2\/comments?post=600493"}],"version-history":[{"count":0,"href":"https:\/\/www.europesays.com\/fr\/wp-json\/wp\/v2\/posts\/600493\/revisions"}],"wp:featuredmedia":[{"embeddable":true,"href":"https:\/\/www.europesays.com\/fr\/wp-json\/wp\/v2\/media\/600494"}],"wp:attachment":[{"href":"https:\/\/www.europesays.com\/fr\/wp-json\/wp\/v2\/media?parent=600493"}],"wp:term":[{"taxonomy":"category","embeddable":true,"href":"https:\/\/www.europesays.com\/fr\/wp-json\/wp\/v2\/categories?post=600493"},{"taxonomy":"post_tag","embeddable":true,"href":"https:\/\/www.europesays.com\/fr\/wp-json\/wp\/v2\/tags?post=600493"}],"curies":[{"name":"wp","href":"https:\/\/api.w.org\/{rel}","templated":true}]}}