{"id":600497,"date":"2025-12-15T09:44:16","date_gmt":"2025-12-15T09:44:16","guid":{"rendered":"https:\/\/www.europesays.com\/fr\/600497\/"},"modified":"2025-12-15T09:44:16","modified_gmt":"2025-12-15T09:44:16","slug":"une-cinquantaine-de-cyclistes-a-lassaut-des-montees-mythiques-ardechoises-des-championnats-deurope","status":"publish","type":"post","link":"https:\/\/www.europesays.com\/fr\/600497\/","title":{"rendered":"Une cinquantaine de cyclistes \u00e0 l&rsquo;assaut des \u00ab\u00a0mont\u00e9es mythiques\u00a0\u00bb ard\u00e9choises des championnats d&rsquo;Europe."},"content":{"rendered":"<p>Elles avaient vu les meilleurs coureurs du monde se livrer bataille il y a deux mois. Les mont\u00e9es ard\u00e9choises du Val d&rsquo;Enfer et du Mur des Royes sont mises \u00e0 l&rsquo;honneur par la communaut\u00e9 de communes Rh\u00f4ne Crussol. Elle a install\u00e9 des panneaux avec le chrono des champions ce dimanche 14 d\u00e9cembre.<\/p>\n<p>Le brouillard n&rsquo;a pas effray\u00e9 la cinquantaine de cyclistes motiv\u00e9s ce dimanche 14 d\u00e9cembre. Ils viennent gravir les mont\u00e9es du Mur des Royes et du Val d&rsquo;Enfer. La communaut\u00e9 de communes Rh\u00f4ne Crussol y a install\u00e9 des panneaux o\u00f9 figurent les meilleurs chronos r\u00e9alis\u00e9s par les coureurs professionnels lors des derniers championnats d&rsquo;Europe de cyclisme. L&rsquo;occasion, pour les cyclistes amateurs, de <strong>se comparer aux meilleurs coureurs du monde.<\/strong><\/p>\n<p>\u00ab\u00a0Mont\u00e9es mythiques\u00a0\u00bb<\/p>\n<p>Le nom de \u00ab\u00a0mont\u00e9es mythiques\u00a0\u00bb est choisi pour d\u00e9signer les deux ascensions ard\u00e9choises. En bas, <strong>un panneau pour pr\u00e9senter les difficult\u00e9s de l&rsquo;ascension<\/strong>. En haut, les meilleurs chronos r\u00e9alis\u00e9s pendant les championnats d&rsquo;Europe de cyclisme 2025. Ce dimanche 14 d\u00e9cembre, une cinquantaine de cyclistes ont d\u00e9cid\u00e9 de p\u00e9daler dans la roue des champions pour f\u00eater l&rsquo;inauguration de la nouvelle signal\u00e9tique. La matin\u00e9e commence par le Mur des Royes. Sept kilom\u00e8tres de mont\u00e9e avec une pente moyenne de 7,2%.<\/p>\n<p>Dans le peloton du jour, le pr\u00e9sident de la communaut\u00e9 de communes Rh\u00f4ne Crussol, Jacques Dubay. Il est en t\u00eate du peloton au d\u00e9part, mais termine l&rsquo;ascension dans les derniers\u00a0: \u00ab\u00a0Le v\u00e9lo apprend l&rsquo;humilit\u00e9\u00a0\u00bb, plaisante-t-il \u00e0 l&rsquo;arriv\u00e9e. On ne peut qu&rsquo;\u00eatre modeste une fois en haut en d\u00e9couvrant le chrono de\u00a0<strong>Tadej Poga\u010dar\u00a0: 16 minutes et 24 petites secondes.<\/strong> \u00ab\u00a0Ce n&rsquo;est pas le m\u00eame sport, analyse Johan, pr\u00e9sident du club Olysta de Valence. Leurs temps sont impressionnants, mais aussi leur capacit\u00e9 \u00e0 r\u00e9p\u00e9ter les efforts.\u00a0\u00bb Les amateurs du jour montent en une quarantaine de minutes.<\/p>\n<p>Les cyclistes se dirigent ensuite vers le Val d&rsquo;Enfer. Une c\u00f4te beaucoup moins longue (1,5 kilom\u00e8tres), mais bien plus raide avec une pente moyenne de 11,1%, avec une maximale de 14%. \u00c0 l&rsquo;arriv\u00e9e, on d\u00e9couvre <strong>le chrono de Paul Seixas\u00a0: 4 minutes et 6 secondes<\/strong>. Le prodige fran\u00e7ais avait fait le meilleur temps sur sa sixi\u00e8me mont\u00e9e, <a class=\"IciLink ici-link IciArticleLink g-ici-body-regular-1 underline brand svelte-1chfe2s\" href=\"https:\/\/www.francebleu.fr\/emissions\/l-info-d-ici-ici-drome-ardeche\/la-nouvelle-star-paul-seixas-revelation-francaise-du-championnat-d-europe-de-cyclisme-1706249\" target=\"_blank\" rel=\"noopener\">lui permettant de creuser l&rsquo;\u00e9cart et de d\u00e9crocher la 3e place<\/a>\u00a0aux championnats d&rsquo;Europe.<\/p>\n<p> <img decoding=\"async\" src=\"https:\/\/www.europesays.com\/fr\/wp-content\/uploads\/2025\/12\/1765791855_290_1280\" alt=\"illustration agrandir l'image\" style=\"--_image-preview:url('data:image\/jpeg;base64,\/9j\/2wBDACgcHiMeGSgjISMtKygwPGRBPDc3PHtYXUlkkYCZlo+AjIqgtObDoKrarYqMyP\/L2u71\/\/\/\/m8H\/\/\/\/6\/+b9\/\/j\/2wBDASstLTw1PHZBQXb4pYyl+Pj4+Pj4+Pj4+Pj4+Pj4+Pj4+Pj4+Pj4+Pj4+Pj4+Pj4+Pj4+Pj4+Pj4+Pj4+Pj4+Pj\/wAARCAAfACoDASIAAhEBAxEB\/8QAFwAAAwEAAAAAAAAAAAAAAAAAAQIDBP\/EABcQAQEBAQAAAAAAAAAAAAAAAAACARH\/xAAVAQEBAAAAAAAAAAAAAAAAAAAAAf\/EABQRAQAAAAAAAAAAAAAAAAAAAAD\/2gAMAwEAAhEDEQA\/AN+0TaLVJVSKfbTqi7RNoBrSdDdL1BtpGtWrEawVPdDo7gcAANwOIj\/\/2Q==');\" loading=\"lazy\" fetchpriority=\"low\" class=\"svelte-1cksh76 rounded\" onload=\"this.__e=event\" onerror=\"this.__e=event\"\/> Panneau \u00e0 l&rsquo;arriv\u00e9e du Val d&rsquo;Enfer. \u00a9 Radio France &#8211; Cl\u00e9ment Arnal  D\u00e9velopper le tourisme \u00e0 v\u00e9lo<\/p>\n<p>Cette valorisation vise \u00e0 <strong>promouvoir le tourisme \u00e0 v\u00e9lo<\/strong>, explique Damien Pollet, vice-pr\u00e9sident des Boucles Dr\u00f4me-Ard\u00e8che\u00a0: \u00ab\u00a0Ces routes \u00e9taient avant inconnues. Depuis les Boucles Dr\u00f4me-Ard\u00e8che et les championnats d&rsquo;Europe, des cyclistes les empruntent. On fait d\u00e9couvrir le\u00a0c\u0153ur de nos territoires. Je pense que nous allons r\u00e9\u00e9diter tout \u00e7a sur la partie dr\u00f4moise.\u00a0\u00bb<\/p>\n<p>Rien d&rsquo;officiel pour le moment. De son c\u00f4t\u00e9, la communaut\u00e9 de communes Rh\u00f4ne Crussol indique qu&rsquo;<strong>un fl\u00e9chage plus \u00e9toff\u00e9<\/strong> du parcours des Boucles Dr\u00f4me-Ard\u00e8che 2026 sera \u00e9tudi\u00e9 l&rsquo;ann\u00e9e prochaine.<\/p>\n<p>\u00c0 lire aussi   <img decoding=\"async\" src=\"https:\/\/www.europesays.com\/fr\/wp-content\/uploads\/2025\/12\/1765791856_132_400x400\" alt=\"\" style=\"--_image-preview:url('data:image\/jpeg;base64,\/9j\/2wBDACgcHiMeGSgjISMtKygwPGRBPDc3PHtYXUlkkYCZlo+AjIqgtObDoKrarYqMyP\/L2u71\/\/\/\/m8H\/\/\/\/6\/+b9\/\/j\/2wBDASstLTw1PHZBQXb4pYyl+Pj4+Pj4+Pj4+Pj4+Pj4+Pj4+Pj4+Pj4+Pj4+Pj4+Pj4+Pj4+Pj4+Pj4+Pj4+Pj4+Pj\/wAARCAAXACoDASIAAhEBAxEB\/8QAFwAAAwEAAAAAAAAAAAAAAAAAAAECA\/\/EABgQAQEBAQEAAAAAAAAAAAAAAAABEQIS\/8QAFgEBAQEAAAAAAAAAAAAAAAAAAAEC\/8QAFhEBAQEAAAAAAAAAAAAAAAAAAAER\/9oADAMBAAIRAxEAPwDctOptNSRWnKz05Uaazo\/TKU9AqigAnTlABUUAg\/\/Z');\" loading=\"lazy\" fetchpriority=\"low\" aria-hidden=\"true\" class=\"svelte-1cksh76 rounded\" onload=\"this.__e=event\" onerror=\"this.__e=event\"\/><\/p>\n","protected":false},"excerpt":{"rendered":"Elles avaient vu les meilleurs coureurs du monde se livrer bataille il y a deux mois. Les mont\u00e9es&hellip;\n","protected":false},"author":2,"featured_media":600498,"comment_status":"","ping_status":"","sticky":false,"template":"","format":"standard","meta":{"footnotes":""},"categories":[1411],"tags":[1154,207,1011,27,60],"class_list":{"0":"post-600497","1":"post","2":"type-post","3":"status-publish","4":"format-standard","5":"has-post-thumbnail","7":"category-cyclisme","8":"tag-cycling","9":"tag-cyclisme","10":"tag-fr","11":"tag-france","12":"tag-sports"},"share_on_mastodon":{"url":"https:\/\/pubeurope.com\/@fr\/115722943242742486","error":""},"_links":{"self":[{"href":"https:\/\/www.europesays.com\/fr\/wp-json\/wp\/v2\/posts\/600497","targetHints":{"allow":["GET"]}}],"collection":[{"href":"https:\/\/www.europesays.com\/fr\/wp-json\/wp\/v2\/posts"}],"about":[{"href":"https:\/\/www.europesays.com\/fr\/wp-json\/wp\/v2\/types\/post"}],"author":[{"embeddable":true,"href":"https:\/\/www.europesays.com\/fr\/wp-json\/wp\/v2\/users\/2"}],"replies":[{"embeddable":true,"href":"https:\/\/www.europesays.com\/fr\/wp-json\/wp\/v2\/comments?post=600497"}],"version-history":[{"count":0,"href":"https:\/\/www.europesays.com\/fr\/wp-json\/wp\/v2\/posts\/600497\/revisions"}],"wp:featuredmedia":[{"embeddable":true,"href":"https:\/\/www.europesays.com\/fr\/wp-json\/wp\/v2\/media\/600498"}],"wp:attachment":[{"href":"https:\/\/www.europesays.com\/fr\/wp-json\/wp\/v2\/media?parent=600497"}],"wp:term":[{"taxonomy":"category","embeddable":true,"href":"https:\/\/www.europesays.com\/fr\/wp-json\/wp\/v2\/categories?post=600497"},{"taxonomy":"post_tag","embeddable":true,"href":"https:\/\/www.europesays.com\/fr\/wp-json\/wp\/v2\/tags?post=600497"}],"curies":[{"name":"wp","href":"https:\/\/api.w.org\/{rel}","templated":true}]}}