{"id":600499,"date":"2025-12-15T09:45:13","date_gmt":"2025-12-15T09:45:13","guid":{"rendered":"https:\/\/www.europesays.com\/fr\/600499\/"},"modified":"2025-12-15T09:45:13","modified_gmt":"2025-12-15T09:45:13","slug":"humiliation-totale-la-paris-fc-sest-fait-arnaquer-sur-le-mercato","status":"publish","type":"post","link":"https:\/\/www.europesays.com\/fr\/600499\/","title":{"rendered":"Humiliation totale, la Paris FC s&rsquo;est fait arnaquer sur le mercato !"},"content":{"rendered":"<p>                    Arthur Montagne<br \/>\n                        &#8211;<\/p>\n<p>Journaliste<\/p>\n<p>Affam\u00e9 de sport, il a grandi au son des moteurs de Formule 1 et des exploits de Ronaldinho. Aujourd\u2019hui, diplom\u00e9 d&rsquo;un Master de journalisme de sport, il ne rate plus un Grand Prix de F1 ni un match du PSG, ses deux passions et sp\u00e9cialit\u00e9s<\/p>\n<p class=\"heading\">Promu en Ligue 1, le Paris FC nourrissait de belles ambitions pour son retour dans l&rsquo;\u00e9lite. Sous l&rsquo;impulsion de son riche investisseur, le club parisien n&rsquo;a ainsi pas l\u00e9sin\u00e9 sur les moyens en se montrant tr\u00e8s actif sur le mercato. Cependant, pour Walid Acherchour, le PFC s&rsquo;est fait aranquer. <\/p>\n<p>Tr\u00e8s actif l&rsquo;\u00e9t\u00e9 dernier lors du dernier mercato, le <a href=\"https:\/\/le10sport.com\/football\/mercato\/ngolo-kante-transfert-a-paris-la-discussion-secrete-768341\" target=\"_blank\" rel=\"noopener\">Paris FC<\/a> a notamment l\u00e2ch\u00e9 12M\u20ac pour recruter <strong>Otavio <\/strong>en provenance du <strong>FC Porto<\/strong>. Mais le d\u00e9fenseur br\u00e9silien r\u00e9alise une premi\u00e8re partie de saison tr\u00e8s compliqu\u00e9 comme en t\u00e9moigne sa prestation contre <strong>Toulouse <\/strong>samedi soir (0-3). Pour <strong>Walid Acherchour<\/strong>, le <strong>PFC <\/strong>s&rsquo;est m\u00eame fait arnaquer dans ce dossier.<\/p>\n<p>                                            \u00abOtavio, on est peut-\u00eatre sur la pire recrue de Ligue 1\u00bb<\/p>\n<p>\u00ab Otavio, on est peut-\u00eatre sur la pire recrue de Ligue 1 sur le d\u00e9but de saison. En rapport qualit\u00e9-prix, on est tr\u00e8s loin du compte \u00bb, l\u00e2che-t-il au micro de l&rsquo;After Foot sur RMC. Mais d&rsquo;un point vue plus g\u00e9n\u00e9rale, <strong>Walid Acherchour<\/strong> s&rsquo;interroge notamment du lien avec <strong>Red Bull<\/strong>. Alors que le <strong>Paris FC <\/strong>pourrait profiter de cette fili\u00e8re pour r\u00e9aliser des jolis coups \u00e0 <strong>Leipzig <\/strong>ou <strong>Salzbourg<\/strong>, c&rsquo;est bien le <strong>RC Lens<\/strong> qui a r\u00e9cup\u00e9r\u00e9 <strong>Samson Baidoo<\/strong> et s&rsquo;appr\u00eate \u00e0 accueillir <strong>Amadou Haidara<\/strong>. Une v\u00e9ritable humiliation selon <strong>Walid Acherchour<\/strong>.<\/p>\n<p>                                            Le RC Lens humilie le Paris FC<\/p>\n<p>\u00ab La fili\u00e8re Red Bull elle est o\u00f9 ? Quand je vois que Haidara va signer \u00e0 Lens alors qu&rsquo;il \u00e9tait \u00e0 Leipzig, que Baidoo, qui \u00e9tait \u00e0 Salzbourg, c&rsquo;est peut-\u00eatre l&rsquo;un des meilleurs d\u00e9fenseurs centraux sur le d\u00e9but de saison en Ligue 1. Il a \u00e9t\u00e9 recrut\u00e9 pour 6M\u20ac, et il ne vient m\u00eame pas au PFC. S&rsquo;ils ont pas les meilleurs \u00e9l\u00e9ments, et que ce sont les concurrents, enfin d&rsquo;autres clubs de Ligue 1, qui en profitent, eh bien je ne comprends pas. A un moment donn\u00e9, Antoine Arnault, on le voit toutes les trois minutes sur Ligue 1+, mais faut envoyer la cave \u00e0 un moment donn\u00e9, faut envoyer les sous. Il s&rsquo;est fait pigeonn\u00e9 de toute fa\u00e7on sur Otavio et Geubbels, fais toi vraiment pigeonner. Faut du volume ! \u00bb, ajoute le journaliste de RMC.<\/p>\n","protected":false},"excerpt":{"rendered":"Arthur Montagne &#8211; Journaliste Affam\u00e9 de sport, il a grandi au son des moteurs de Formule 1 et&hellip;\n","protected":false},"author":2,"featured_media":600500,"comment_status":"","ping_status":"","sticky":false,"template":"","format":"standard","meta":{"footnotes":""},"categories":[1410],"tags":[63,1011,27,60],"class_list":{"0":"post-600499","1":"post","2":"type-post","3":"status-publish","4":"format-standard","5":"has-post-thumbnail","7":"category-football","8":"tag-football","9":"tag-fr","10":"tag-france","11":"tag-sports"},"share_on_mastodon":{"url":"https:\/\/pubeurope.com\/@fr\/115722946074883322","error":""},"_links":{"self":[{"href":"https:\/\/www.europesays.com\/fr\/wp-json\/wp\/v2\/posts\/600499","targetHints":{"allow":["GET"]}}],"collection":[{"href":"https:\/\/www.europesays.com\/fr\/wp-json\/wp\/v2\/posts"}],"about":[{"href":"https:\/\/www.europesays.com\/fr\/wp-json\/wp\/v2\/types\/post"}],"author":[{"embeddable":true,"href":"https:\/\/www.europesays.com\/fr\/wp-json\/wp\/v2\/users\/2"}],"replies":[{"embeddable":true,"href":"https:\/\/www.europesays.com\/fr\/wp-json\/wp\/v2\/comments?post=600499"}],"version-history":[{"count":0,"href":"https:\/\/www.europesays.com\/fr\/wp-json\/wp\/v2\/posts\/600499\/revisions"}],"wp:featuredmedia":[{"embeddable":true,"href":"https:\/\/www.europesays.com\/fr\/wp-json\/wp\/v2\/media\/600500"}],"wp:attachment":[{"href":"https:\/\/www.europesays.com\/fr\/wp-json\/wp\/v2\/media?parent=600499"}],"wp:term":[{"taxonomy":"category","embeddable":true,"href":"https:\/\/www.europesays.com\/fr\/wp-json\/wp\/v2\/categories?post=600499"},{"taxonomy":"post_tag","embeddable":true,"href":"https:\/\/www.europesays.com\/fr\/wp-json\/wp\/v2\/tags?post=600499"}],"curies":[{"name":"wp","href":"https:\/\/api.w.org\/{rel}","templated":true}]}}