{"id":600501,"date":"2025-12-15T09:46:14","date_gmt":"2025-12-15T09:46:14","guid":{"rendered":"https:\/\/www.europesays.com\/fr\/600501\/"},"modified":"2025-12-15T09:46:14","modified_gmt":"2025-12-15T09:46:14","slug":"etats-unis-le-realisateur-rob-reiner-et-son-epouse-michele-morts-poignardes-chez-eux","status":"publish","type":"post","link":"https:\/\/www.europesays.com\/fr\/600501\/","title":{"rendered":"\u00c9tats-Unis. Le r\u00e9alisateur Rob Reiner et son \u00e9pouse Michele morts poignard\u00e9s chez eux"},"content":{"rendered":"<p>Rob Reiner, 78 ans, et Michele Singer Reiner, 68 ans, ont \u00e9t\u00e9 retrouv\u00e9s morts chez eux ce dimanche, \u00e0 Brentwood, \u00e0 Los Angeles (Californie). La police \u00e9voque un\u00a0\u00ab homicide apparent \u00bb.<\/p>\n<p>Rob Reiner a r\u00e9alis\u00e9 de nombreux succ\u00e8s, comme Quand Harry rencontre Sally, Princess Bride ou encore Stand By Me. Le couple s&rsquo;est mari\u00e9 en 1989.<\/p>\n<p>Un homicide \u00e0 l&rsquo;arme blanche<\/p>\n<p>L&rsquo;enqu\u00eate a \u00e9t\u00e9 confi\u00e9e \u00e0 la police de Los Angeles. Aucune d\u00e9claration officielle n&rsquo;a encore \u00e9t\u00e9 faite, sinon qu&rsquo;il s&rsquo;agit \u00ab\u00a0d&rsquo;un homicide \u00bb, selon le capitaine Mike Bland.<\/p>\n<p>Ils seraient morts des suites de blessures \u00e0 l&rsquo;arme blanche, selon <a href=\"https:\/\/www.tmz.com\/2025\/12\/14\/rob-reiner-wife-michele-found-dead-los-angeles-home\/#continued\" target=\"_blank\" rel=\"noopener\">TMZ<\/a> et People. Leur fille Romy, qui habite en face de la maison de ses parents, aurait d\u00e9couvert les corps et appel\u00e9 les secours.<\/p>\n<p>Si la police indique \u00ab\u00a0parler \u00e0 la famille pour l&rsquo;enqu\u00eate\u00a0\u00bb, une source polici\u00e8re a confirm\u00e9 \u00e0 l&rsquo;agence Associated Press qu&rsquo;un \u00ab\u00a0membre de la famille\u00a0\u00bb \u00e9tait actuellement interrog\u00e9.<\/p>\n<p>Selon <a href=\"https:\/\/people.com\/rob-reiner-wife-michele-were-killed-by-son-sources-11868856\" target=\"_blank\" rel=\"noopener\">People<\/a>, il s&rsquo;agirait de leur fils Nick, 32 ans. L&rsquo;homme, qui serait \u00ab\u00a0le principal suspect\u00a0\u00bb, a souvent \u00e9voqu\u00e9 ses probl\u00e8mes d&rsquo;addictions, qui l&rsquo;ont m\u00eame conduit \u00e0 vivre dans la rue.<\/p>\n<p>La famille du couple \u00ab boulevers\u00e9e \u00bb<\/p>\n<p>\u00ab C&rsquo;est avec une profonde tristesse que nous annon\u00e7ons le d\u00e9c\u00e8s tragique de Michele et Rob Reiner. Nous sommes boulevers\u00e9s par cette perte soudaine et nous demandons le respect de notre vie priv\u00e9e en cette p\u00e9riode incroyablement difficile \u00bb, a annonc\u00e9 la famille du couple dans un communiqu\u00e9 cit\u00e9 par la revue Variety.<\/p>\n<p>\u00ab C&rsquo;est une perte immense pour notre ville et notre pays. L&rsquo;h\u00e9ritage de Rob Reiner est profond\u00e9ment ancr\u00e9 dans la culture et la soci\u00e9t\u00e9 am\u00e9ricaines \u00bb, a d\u00e9clar\u00e9 la maire de Los Angeles, Karen Bass sur son compte X.<\/p>\n<p>Elle a salu\u00e9 \u00ab son oeuvre cr\u00e9ative ainsi que son engagement pour la justice sociale et \u00e9conomique \u00bb qui \u00ab ont transform\u00e9 la vie d&rsquo;innombrables personnes \u00bb. \u00ab Acteur, r\u00e9alisateur, producteur, sc\u00e9nariste et militant politique engag\u00e9, il a toujours mis ses talents au service des autres \u00bb, a ajout\u00e9 Karen Bass.<\/p>\n<p>Des c\u00e9l\u00e9brit\u00e9s se sont rendues sur place, notamment Billy Crystal et Larry David.<\/p>\n<p>Un r\u00e9alisateur de films cultes<\/p>\n<p>Rob Reiner est n\u00e9 le 6 mars 1947, d&rsquo;une famille d\u00e9j\u00e0 c\u00e9l\u00e8bre \u00e0 Hollywood. Son p\u00e8re \u00e9tait l&rsquo;acteur et r\u00e9alisateur Carl reiner et sa m\u00e8re l&rsquo;actrice Estelle Reiner. Il a d\u00e9but\u00e9 comme acteur et a vite \u00e9t\u00e9 remarqu\u00e9 dans la s\u00e9rie All in the Family, qui lui a valu un Emmy Award en 1988.<\/p>\n<p>En parall\u00e8le, il a d\u00e9but\u00e9 sa carri\u00e8re de r\u00e9alisateur avec l&rsquo;ovni Spinal Tap, en 1984, un faux documentaire sur un groupe de rock devenu culte.<\/p>\n<p>Il a encha\u00een\u00e9 les succ\u00e8s publics et critiques en tant que r\u00e9alisateur\u00a0:\u00a0Gar\u00e7on choc pour nana chic, Stand By Me, Princess Bride,\u00a0Quand Harry rencontre Sally, Misery, Des Hommes d&rsquo;honneur&#8230;<\/p>\n<p>Rob Reiner et Michele mari\u00e9s depuis 1989<\/p>\n<p>Depuis les ann\u00e9es 1990, le r\u00e9alisateur a connu des hauts et des bas\u00a0: L&rsquo;Irr\u00e9sistible North,\u00a0Le Pr\u00e9sident et Miss Wade,\u00a0Une vie \u00e0 deux, Alex et Emma, La rumeur court&#8230;, Sans plus attendre, Flipped, Ainsi va la vie&#8230;<\/p>\n<p>Retrouvant parfois son r\u00f4le de com\u00e9dien, il \u00e9tait apparu r\u00e9cemment dans la s\u00e9rie The Bear.<\/p>\n<p>C\u00f4t\u00e9 c\u0153ur, Rob Reiner a \u00e9t\u00e9 mari\u00e9 de 1971 \u00e0 1979 \u00e0 la r\u00e9alisatrice Penny Marshall. Il se marie avec Michele Singer en 1989. Ils ont eu trois enfants\u00a0:\u00a0Jake en 1991, Nick en 1993 et Romy en 1998.<\/p>\n","protected":false},"excerpt":{"rendered":"Rob Reiner, 78 ans, et Michele Singer Reiner, 68 ans, ont \u00e9t\u00e9 retrouv\u00e9s morts chez eux ce dimanche,&hellip;\n","protected":false},"author":2,"featured_media":600502,"comment_status":"","ping_status":"","sticky":false,"template":"","format":"standard","meta":{"footnotes":""},"categories":[1359],"tags":[650,58,59,274,107,1011,27,329,1391,973],"class_list":{"0":"post-600501","1":"post","2":"type-post","3":"status-publish","4":"format-standard","5":"has-post-thumbnail","7":"category-people","8":"tag-cinema","9":"tag-divertissement","10":"tag-entertainment","11":"tag-faits-divers-justice","12":"tag-fil-info","13":"tag-fr","14":"tag-france","15":"tag-france-monde","16":"tag-necrologie","17":"tag-people"},"share_on_mastodon":{"url":"https:\/\/pubeurope.com\/@fr\/115722950065466316","error":""},"_links":{"self":[{"href":"https:\/\/www.europesays.com\/fr\/wp-json\/wp\/v2\/posts\/600501","targetHints":{"allow":["GET"]}}],"collection":[{"href":"https:\/\/www.europesays.com\/fr\/wp-json\/wp\/v2\/posts"}],"about":[{"href":"https:\/\/www.europesays.com\/fr\/wp-json\/wp\/v2\/types\/post"}],"author":[{"embeddable":true,"href":"https:\/\/www.europesays.com\/fr\/wp-json\/wp\/v2\/users\/2"}],"replies":[{"embeddable":true,"href":"https:\/\/www.europesays.com\/fr\/wp-json\/wp\/v2\/comments?post=600501"}],"version-history":[{"count":0,"href":"https:\/\/www.europesays.com\/fr\/wp-json\/wp\/v2\/posts\/600501\/revisions"}],"wp:featuredmedia":[{"embeddable":true,"href":"https:\/\/www.europesays.com\/fr\/wp-json\/wp\/v2\/media\/600502"}],"wp:attachment":[{"href":"https:\/\/www.europesays.com\/fr\/wp-json\/wp\/v2\/media?parent=600501"}],"wp:term":[{"taxonomy":"category","embeddable":true,"href":"https:\/\/www.europesays.com\/fr\/wp-json\/wp\/v2\/categories?post=600501"},{"taxonomy":"post_tag","embeddable":true,"href":"https:\/\/www.europesays.com\/fr\/wp-json\/wp\/v2\/tags?post=600501"}],"curies":[{"name":"wp","href":"https:\/\/api.w.org\/{rel}","templated":true}]}}