{"id":600505,"date":"2025-12-15T09:49:12","date_gmt":"2025-12-15T09:49:12","guid":{"rendered":"https:\/\/www.europesays.com\/fr\/600505\/"},"modified":"2025-12-15T09:49:12","modified_gmt":"2025-12-15T09:49:12","slug":"demain-nous-appartient-spoilers-revelation-abracadabrantesque","status":"publish","type":"post","link":"https:\/\/www.europesays.com\/fr\/600505\/","title":{"rendered":"Demain nous appartient (spoilers) : r\u00e9v\u00e9lation abracadabrantesque &#8230;"},"content":{"rendered":"<p>Tout doucement, Cl\u00e9ment parvient \u00e0 renouer une relation avec<br \/>\nJack et Lizzie. Mais alors que les choses commencent \u00e0 peine \u00e0<br \/>\ns\u2019apaiser, Damien arrive avec une nouvelle r\u00e9v\u00e9lation qui<br \/>\nbouleverse le fragile \u00e9quilibre retrouv\u00e9. Une faute commise par<br \/>\nAudrey l\u2019oblige \u00e0 affronter son pass\u00e9 et les protagonistes de<br \/>\nl\u2019\u00e9poque. Pas s\u00fbr que les jumeaux soient pr\u00eats \u00e0 encaisser cet<br \/>\nincroyable revirement\u2026 Malgr\u00e9 son incompr\u00e9hension, Damien met tout<br \/>\nen oeuvre pour soutenir son \u00e9pouse mais celle-ci disparait. Est-ce<br \/>\nune fuite volontaire ou un enl\u00e8vement?<\/p>\n<p><a href=\"https:\/\/www.telestar.fr\/serie_tv\/demain-nous-appartient-on-adore-se-detester-ingrid-chauvin-sans-filtre-sur-la-relation-de-chloe-avec-sa-mere-1697295\" target=\"_blank\" rel=\"noopener\"><br \/>\nChlo\u00e9<\/a> est scandalis\u00e9e d\u2019apprendre qu\u2019Alex et Bruno ont<br \/>\nvolontairement saccag\u00e9 le stand pour que Sylvain les aide \u00e0 ranger<br \/>\net s\u2019\u00e9loigne ainsi de Christelle, asphyxi\u00e9e par l\u2019omnipr\u00e9sence de<br \/>\nson mari. Les Halles sont d\u00e9cid\u00e9ment le th\u00e9\u00e2tre de bien des<br \/>\np\u00e9rip\u00e9ties. Apr\u00e8s le mauvais coup d\u2019Alex, c\u2019est au tour d\u2019Emilie de<br \/>\nmettre de l\u2019animation dans les all\u00e9es. En voyant Karim s\u2019approcher<br \/>\nde son stand, elle ne peut s\u2019emp\u00eacher de le prendre \u00e0 parti.<br \/>\nVont-ils r\u00e9ussir \u00e0 avoir une conversation normale sans qu\u2019\u00e0 chaque<br \/>\nfois le ton monte? Et si ces prises de bec traduisaient surtout une<br \/>\nmaladresse \u00e0 communiquer autre chose\u2026<\/p>\n<p>Demain nous appartient : les doutes de Victor<\/p>\n<p>Entre strat\u00e9gies et manipulations pour r\u00e9cup\u00e9rer le Spoon,<br \/>\nPhilippine a peut \u00eatre sous-estim\u00e9 <a href=\"https:\/\/www.telestar.fr\/serie_tv\/demain_nous_appartient\/billet-demain-nous-appartient-cen-est-trop-il-faut-sauver-le-soldat-bart-1710661\" target=\"_blank\" rel=\"noopener\"><br \/>\nBart<\/a>. Une lettre exhum\u00e9e et port\u00e9e \u00e0 la connaissance de Victor<br \/>\ns\u00e8me le doute sur la confiance qu\u2019il avait, jusque-l\u00e0, accord\u00e9 \u00e0<br \/>\nson associ\u00e9e.<\/p>\n<p>Au commissariat c\u2019est l\u2019heure de v\u00e9rit\u00e9 pour <a href=\"https:\/\/www.telestar.fr\/serie_tv\/demain-nous-appartient-karim-ne-lache-pas-arthur-georges-et-melody-cest-fini-ce-qui-vous-attend-du-1er-au-5-decembre-2025-1746955\" target=\"_blank\" rel=\"noopener\"><br \/>\nGeorges<\/a> qui doit assumer les cons\u00e9quences de ses actes. Apr\u00e8s<br \/>\navoir \u00e9t\u00e9 tr\u00e8s clair vis-\u00e0-vis de M\u00e9lody en lui expliquant qu\u2019il<br \/>\n\u00e9tait incapable de lui pardonner sa trahison, il doit \u00e0 pr\u00e9sent<br \/>\nchercher un nouvel appartement pour lui et Lucien. En attendant,<br \/>\nSara et Roxane l\u2019h\u00e9bergent mais la cohabitation n\u2019est pas forc\u00e9ment<br \/>\nde tout repos.<\/p>\n<p>Sofia revient \u00e0 S\u00e8te<\/p>\n<p>Chez les Daunier, les f\u00eates de fin d\u2019ann\u00e9e s\u2019accompagnent d\u2019une<br \/>\nsurprise aussi joyeuse qu\u2019inattendue : Sofia est de retour \u00e0 S\u00e8te<br \/>\navec un b\u00e9b\u00e9 dans les bras\u2026<\/p>\n","protected":false},"excerpt":{"rendered":"Tout doucement, Cl\u00e9ment parvient \u00e0 renouer une relation avec Jack et Lizzie. Mais alors que les choses commencent&hellip;\n","protected":false},"author":2,"featured_media":600506,"comment_status":"","ping_status":"","sticky":false,"template":"","format":"standard","meta":{"footnotes":""},"categories":[1356],"tags":[548,3598,58,59,1011,27,252,199,1364],"class_list":{"0":"post-600505","1":"post","2":"type-post","3":"status-publish","4":"format-standard","5":"has-post-thumbnail","7":"category-television","8":"tag-article-simple","9":"tag-demain-nous-appartient","10":"tag-divertissement","11":"tag-entertainment","12":"tag-fr","13":"tag-france","14":"tag-television","15":"tag-tf1","16":"tag-tv"},"share_on_mastodon":{"url":"https:\/\/pubeurope.com\/@fr\/115722961861729969","error":""},"_links":{"self":[{"href":"https:\/\/www.europesays.com\/fr\/wp-json\/wp\/v2\/posts\/600505","targetHints":{"allow":["GET"]}}],"collection":[{"href":"https:\/\/www.europesays.com\/fr\/wp-json\/wp\/v2\/posts"}],"about":[{"href":"https:\/\/www.europesays.com\/fr\/wp-json\/wp\/v2\/types\/post"}],"author":[{"embeddable":true,"href":"https:\/\/www.europesays.com\/fr\/wp-json\/wp\/v2\/users\/2"}],"replies":[{"embeddable":true,"href":"https:\/\/www.europesays.com\/fr\/wp-json\/wp\/v2\/comments?post=600505"}],"version-history":[{"count":0,"href":"https:\/\/www.europesays.com\/fr\/wp-json\/wp\/v2\/posts\/600505\/revisions"}],"wp:featuredmedia":[{"embeddable":true,"href":"https:\/\/www.europesays.com\/fr\/wp-json\/wp\/v2\/media\/600506"}],"wp:attachment":[{"href":"https:\/\/www.europesays.com\/fr\/wp-json\/wp\/v2\/media?parent=600505"}],"wp:term":[{"taxonomy":"category","embeddable":true,"href":"https:\/\/www.europesays.com\/fr\/wp-json\/wp\/v2\/categories?post=600505"},{"taxonomy":"post_tag","embeddable":true,"href":"https:\/\/www.europesays.com\/fr\/wp-json\/wp\/v2\/tags?post=600505"}],"curies":[{"name":"wp","href":"https:\/\/api.w.org\/{rel}","templated":true}]}}