{"id":600507,"date":"2025-12-15T09:50:21","date_gmt":"2025-12-15T09:50:21","guid":{"rendered":"https:\/\/www.europesays.com\/fr\/600507\/"},"modified":"2025-12-15T09:50:21","modified_gmt":"2025-12-15T09:50:21","slug":"trois-questions-a-florian-gasquet-artiste-recemment-installe-a-riec-sur-belon","status":"publish","type":"post","link":"https:\/\/www.europesays.com\/fr\/600507\/","title":{"rendered":"Trois questions \u00e0 Florian Gasquet, artiste r\u00e9cemment install\u00e9 \u00e0 Riec-sur-B\u00e9lon"},"content":{"rendered":"<p>Qui es-tu\u00a0?<\/p>\n<p>Je m\u2019appelle Florian Gasquet, j\u2019ai 40 ans et je viens d\u2019arriver \u00e0 Riec. Je suis un artiste polyvalent\u00a0: je travaille autant la musique que la photographie. Depuis tout petit, je baigne dans la musique. Mon p\u00e8re est bassiste, ma m\u00e8re pianiste. J\u2019ai commenc\u00e9 la guitare \u00e0 18 ans, mais mon univers s\u2019est construit bien avant, avec Pink Floyd notamment.<\/p>\n<p>Au coll\u00e8ge d\u00e9j\u00e0, j\u2019\u00e9crivais des po\u00e8mes et des chansons. La musique fait partie de moi, je ne m\u2019imagine pas vivre sans. Mon univers musical\u00a0? Doux, a\u00e9rien, presque po\u00e9tique.<\/p>\n<p>Comment as-tu commenc\u00e9 la musique \u00ab\u00a0s\u00e9rieusement\u00a0\u00bb\u00a0?<\/p>\n<p>J\u2019ai d\u00e9but\u00e9 un peu avant 2010. Le vrai d\u00e9clic, je l\u2019ai eu en allant voir Jean-Jacques Goldman en concert avec ma m\u00e8re. L\u00e0, je me suis dit\u00a0: c\u2019est \u00e7a que je veux faire. Mes inspirations sont vari\u00e9es\u00a0: je n\u2019ai pas un artiste mod\u00e8le. J\u2019emprunte ce qui me parle chez Goldman, Souchon, Piers Faccini. Plus r\u00e9cemment, j\u2019\u00e9coute beaucoup Clara Luciani ou Nicolas Jules. En m\u00e9langeant tout \u00e7a, je me retrouve dans un univers folk, rock, a\u00e9rien. Une musique qui flotte, qui respire.<\/p>\n<p>Comment se passe la cr\u00e9ation d\u2019un clip\u00a0?<\/p>\n<p>En 2022, j\u2019ai \u00e9crit mon album \u00ab\u00a0Lettre\u00a0\u00bb, qui contient la chanson \u00ab\u00a0L\u2019Amour Aimant\u00a0\u00bb, enregistr\u00e9e avec Margaux Hennequet, une amie de longue date. Pour cr\u00e9er une musique, je ne me prends pas la t\u00eate\u00a0: certaines naissent en quinze minutes, d\u2019autres mettent des semaines. Ici, c\u2019\u00e9tait long\u00a0: il m\u2019a fallu pr\u00e8s de six mois rien que pour ma\u00eetriser l\u2019aquarelle.<\/p>\n<p>L\u2019id\u00e9e est venue un peu par hasard. Avec Margaux, on avait du mal \u00e0 se croiser, alors j\u2019ai imagin\u00e9 une alternative\u2026 et cette id\u00e9e s\u2019est impos\u00e9e. On voulait un clip simple, qui raconte au mieux la chanson. Je crois que c\u2019est r\u00e9ussi.\ufeff<\/p>\n<p>Pratique<\/p>\n<p class=\"note\">\u00ab\u00a0L\u2019Amour Aimant\u00a0\u00bb disponible sur l\u2019ensemble des plateformes de streaming (<a anchorselected=\"true\" href=\"https:\/\/www.youtube.com\/@floriangasquet\" target=\"_blank\" rel=\"noopener\">Youtube<\/a>, Spotify, etc.)<\/p>\n","protected":false},"excerpt":{"rendered":"Qui es-tu\u00a0? Je m\u2019appelle Florian Gasquet, j\u2019ai 40 ans et je viens d\u2019arriver \u00e0 Riec. Je suis un&hellip;\n","protected":false},"author":2,"featured_media":600508,"comment_status":"","ping_status":"","sticky":false,"template":"","format":"standard","meta":{"footnotes":""},"categories":[1355],"tags":[58,59,1011,27,1361,873,11878,71314],"class_list":{"0":"post-600507","1":"post","2":"type-post","3":"status-publish","4":"format-standard","5":"has-post-thumbnail","7":"category-musique","8":"tag-divertissement","9":"tag-entertainment","10":"tag-fr","11":"tag-france","12":"tag-music","13":"tag-musique","14":"tag-quimperle","15":"tag-riec-sur-belon"},"share_on_mastodon":{"url":"https:\/\/pubeurope.com\/@fr\/115722965801622987","error":""},"_links":{"self":[{"href":"https:\/\/www.europesays.com\/fr\/wp-json\/wp\/v2\/posts\/600507","targetHints":{"allow":["GET"]}}],"collection":[{"href":"https:\/\/www.europesays.com\/fr\/wp-json\/wp\/v2\/posts"}],"about":[{"href":"https:\/\/www.europesays.com\/fr\/wp-json\/wp\/v2\/types\/post"}],"author":[{"embeddable":true,"href":"https:\/\/www.europesays.com\/fr\/wp-json\/wp\/v2\/users\/2"}],"replies":[{"embeddable":true,"href":"https:\/\/www.europesays.com\/fr\/wp-json\/wp\/v2\/comments?post=600507"}],"version-history":[{"count":0,"href":"https:\/\/www.europesays.com\/fr\/wp-json\/wp\/v2\/posts\/600507\/revisions"}],"wp:featuredmedia":[{"embeddable":true,"href":"https:\/\/www.europesays.com\/fr\/wp-json\/wp\/v2\/media\/600508"}],"wp:attachment":[{"href":"https:\/\/www.europesays.com\/fr\/wp-json\/wp\/v2\/media?parent=600507"}],"wp:term":[{"taxonomy":"category","embeddable":true,"href":"https:\/\/www.europesays.com\/fr\/wp-json\/wp\/v2\/categories?post=600507"},{"taxonomy":"post_tag","embeddable":true,"href":"https:\/\/www.europesays.com\/fr\/wp-json\/wp\/v2\/tags?post=600507"}],"curies":[{"name":"wp","href":"https:\/\/api.w.org\/{rel}","templated":true}]}}