{"id":600509,"date":"2025-12-15T09:51:12","date_gmt":"2025-12-15T09:51:12","guid":{"rendered":"https:\/\/www.europesays.com\/fr\/600509\/"},"modified":"2025-12-15T09:51:12","modified_gmt":"2025-12-15T09:51:12","slug":"on-change-de-dimension-le-sociologue-et-realisateur-alain-pichon-va-raconter-lhistoire-de-la-peche-industrielle-a-lorient","status":"publish","type":"post","link":"https:\/\/www.europesays.com\/fr\/600509\/","title":{"rendered":"\u00ab On change de dimension \u00bb : le sociologue et r\u00e9alisateur, Alain Pichon, va raconter l\u2019histoire de la p\u00eache industrielle \u00e0 Lorient"},"content":{"rendered":"<p>Le prochain docu-fiction du sociologue lorientais Alain Pichon va \u00e9voquer \u00ab\u00a0Les colosses des mers\u00a0\u00bb. Ces colosses, ce sont les bateaux. Pas les hommes. \u00ab\u00a0On passe du dundee aux gros bateaux \u00e0 vapeur puis \u00e0 moteur, plus longs de dix m\u00e8tres en dix m\u00e8tres. On change de dimension\u00a0\u00bb. L\u2019histoire prend naissance \u00e0 la fin du XIXe si\u00e8cle pour s\u2019achever au mitan des ann\u00e9es 1990, avec les difficult\u00e9s de l\u2019armement J\u00e9go-Qu\u00e9r\u00e9 et l\u2019arriv\u00e9e des Espagnols de Pescanova. D\u2019hommes, il en sera forc\u00e9ment question. Alain Pichon appuie son r\u00e9cit sur un grand t\u00e9moin. \u00ab\u00a0Un marin p\u00eacheur qui a aujourd\u2019hui 85 ans\u00a0\u00bb et dont le v\u00e9cu, les images &#8211; aussi bien cin\u00e9matographiques que photographiques -, vont nourrir le projet. \u00ab\u00a0On se voit r\u00e9guli\u00e8rement, je lui donne un plan de travail et on essaie d\u2019\u00e9crire aussi cette histoire de son point de vue\u00a0\u00bb.<\/p>\n<p>Rencontre avec P\u00eacheurs du monde<\/p>\n<p>Alain Pichon est sociologue du travail. \u00ab\u00a0Ce qui m\u2019int\u00e9resse dans le travail, c\u2019est voir comment \u00e7a marche\u00a0\u00bb. Il est aussi ing\u00e9nieur de recherche en sciences humaines. \u00c0 Paris Saclay, o\u00f9 il a exerc\u00e9, il a rejoint un laboratoire d\u2019histoire \u00e9conomique, sociale et des techniques. C\u2019est l\u00e0 qu\u2019il a tir\u00e9 la conviction que \u00ab\u00a0pour faire passer nos travaux, le meilleur m\u00e9dia c\u2019\u00e9tait le cin\u00e9ma\u00a0\u00bb. Une rencontre avec Jacques Ch\u00e9rel, de P\u00eacheurs du monde, va l\u2019embarquer dans ce monde de la p\u00eache. Son premier documentaire (\u00ab\u00a0Thoniers dans la temp\u00eate\u00a0\u00bb) nous ram\u00e8ne en 1930 et cette temp\u00eate \u00f4 combien cruelle qui va couler 27 thoniers et faire plus de 200 morts. Alain Pichon s\u2019est int\u00e9ress\u00e9 aux hommes (\u00ab\u00a0Voiliers en p\u00eache\u00a0\u00bb), aux femmes (\u00ab\u00a0Conserveries de poissons\u00a0\u00bb et \u00ab\u00a0Femmes \u00e0 bord\u00a0\u00bb), aux techniques avec \u00ab\u00a0L\u2019aventure de la langouste\u00a0\u00bb qui met en avant la motorisation qui \u00e9tire l\u2019espace\u2026<\/p>\n<p>Fascination pour les marins-p\u00eacheurs<\/p>\n<p>\u00ab\u00a0Colosses des mers\u00a0\u00bb, dernier film de la s\u00e9rie, aborde un ensemble de bouleversements. G\u00e9ographique avec \u00ab\u00a0le d\u00e9placement du port vers Keroman et son am\u00e9nagement en 1927\u00a0\u00bb, technique avec l\u2019\u00e9volution des bateaux\u2026 Forc\u00e9ment, lorsqu\u2019on est de Lorient, qu\u2019on y a grandi, le port, ses quais, ses marins, \u00e7a parle. \u00ab\u00a0Qui n\u2019est pas venu au port de p\u00eache\u00a0?\u00a0\u00bb. Alain Pichon n\u2019a pas de r\u00e9ponse toute faite \u00e0 cette fascination qu\u2019exercent sur lui les marins p\u00eacheurs. \u00ab\u00a0Parce ce qu\u2019ils vont dans l\u2019immensit\u00e9\u2026 \u00e0 l\u2019extr\u00e9mit\u00e9 du monde\u2026\u00a0\u00bb. Ce c\u00f4t\u00e9 aventurier lui pla\u00eet bien. Peut-\u00eatre \u00ab\u00a0Parce qu\u2018au fond, ils sont de nos derniers chasseurs-cueilleurs et qu\u2019ils nous procurent une des derni\u00e8res ressources naturelle\u00a0\u00bb.<\/p>\n<p>Le collectage termin\u00e9<\/p>\n<p>Alain Pichon s\u2019est entour\u00e9 d\u2019un comit\u00e9 scientifique, a \u00e9crit le sc\u00e9nario, r\u00e9alis\u00e9 le document audio sur lequel il va d\u00e9sormais poser les images. \u00ab\u00a0On a environ un millier d\u2019iconographies, une cinquantaine de films significatifs\u00a0\u00bb. Son\u00a0grand t\u00e9moin \u00ab\u00a0a sorti deux bobines de son grenier\u00a0\u00bb. Il a pu compter \u00e9galement avec le soutien du mus\u00e9e des thoniers \u00e0 Etel et de la Ville de Lorient \u00ab\u00a0qui a accept\u00e9 de mettre les archives iconographiques \u00e0 disposition gracieusement\u00a0\u00bb. Le collectage est fini. Alain Pichon s\u2019attaque \u00e0 la voix off et Trio Vag, groupe de Lorient, s\u2019attelle \u00e0 la musique. Le travail est encore long. \u00ab\u00a0Il faut aussi tout bruiter car il y a beaucoup de films muets\u00a0\u00bb. Le film de 70 \u00e0 80\u00a0minutes, comme tous les autres, est r\u00e9alis\u00e9 dans le cadre de l\u2019\u00e9conomie sociale et solidaire. Il sera pr\u00e9sent\u00e9 en avant-premi\u00e8re lors de l\u2019\u00e9dition 2026 du Festival p\u00eacheurs du monde avant d\u2019\u00eatre mis \u00ab\u00a0\u00e0 disposition gratuitement sur internet ou pour projection publique au profit des associations, mus\u00e9es et collectivit\u00e9s territoriales\u00a0\u00bb.<\/p>\n<p><strong>Un article de la r\u00e9daction du <\/strong><a href=\"https:\/\/www.letelegramme.fr\/morbihan\/lorient-56100\/on-change-de-dimension-le-sociologue-et-realisateur-alain-pichon-va-raconter-lhistoire-de-la-peche-industrielle-a-lorient-6946627.php\" target=\"_blank\" rel=\"noopener\"><strong>T\u00e9l\u00e9gramme<\/strong><\/a><\/p>\n","protected":false},"excerpt":{"rendered":"Le prochain docu-fiction du sociologue lorientais Alain Pichon va \u00e9voquer \u00ab\u00a0Les colosses des mers\u00a0\u00bb. Ces colosses, ce sont&hellip;\n","protected":false},"author":2,"featured_media":600510,"comment_status":"","ping_status":"","sticky":false,"template":"","format":"standard","meta":{"footnotes":""},"categories":[1354],"tags":[6130,6141,6131,6138,2380,6135,554,58,59,6136,1346,1011,27,6139,6134,3135,6128,567,6129,6127,1360,6132,4838,6133,6140,6137],"class_list":{"0":"post-600509","1":"post","2":"type-post","3":"status-publish","4":"format-standard","5":"has-post-thumbnail","7":"category-films","8":"tag-chantiers","9":"tag-commando","10":"tag-construction-navale","11":"tag-costa","12":"tag-croisiere","13":"tag-dcns","14":"tag-defense","15":"tag-divertissement","16":"tag-entertainment","17":"tag-euronaval","18":"tag-films","19":"tag-fr","20":"tag-france","21":"tag-fremm","22":"tag-interviews","23":"tag-littoral","24":"tag-marine","25":"tag-marine-nationale","26":"tag-maritime","27":"tag-mer","28":"tag-movies","29":"tag-offshore","30":"tag-peche","31":"tag-reportages","32":"tag-sncm","33":"tag-stx"},"share_on_mastodon":{"url":"https:\/\/pubeurope.com\/@fr\/115722969873216452","error":""},"_links":{"self":[{"href":"https:\/\/www.europesays.com\/fr\/wp-json\/wp\/v2\/posts\/600509","targetHints":{"allow":["GET"]}}],"collection":[{"href":"https:\/\/www.europesays.com\/fr\/wp-json\/wp\/v2\/posts"}],"about":[{"href":"https:\/\/www.europesays.com\/fr\/wp-json\/wp\/v2\/types\/post"}],"author":[{"embeddable":true,"href":"https:\/\/www.europesays.com\/fr\/wp-json\/wp\/v2\/users\/2"}],"replies":[{"embeddable":true,"href":"https:\/\/www.europesays.com\/fr\/wp-json\/wp\/v2\/comments?post=600509"}],"version-history":[{"count":0,"href":"https:\/\/www.europesays.com\/fr\/wp-json\/wp\/v2\/posts\/600509\/revisions"}],"wp:featuredmedia":[{"embeddable":true,"href":"https:\/\/www.europesays.com\/fr\/wp-json\/wp\/v2\/media\/600510"}],"wp:attachment":[{"href":"https:\/\/www.europesays.com\/fr\/wp-json\/wp\/v2\/media?parent=600509"}],"wp:term":[{"taxonomy":"category","embeddable":true,"href":"https:\/\/www.europesays.com\/fr\/wp-json\/wp\/v2\/categories?post=600509"},{"taxonomy":"post_tag","embeddable":true,"href":"https:\/\/www.europesays.com\/fr\/wp-json\/wp\/v2\/tags?post=600509"}],"curies":[{"name":"wp","href":"https:\/\/api.w.org\/{rel}","templated":true}]}}