{"id":60051,"date":"2025-04-28T19:56:09","date_gmt":"2025-04-28T19:56:09","guid":{"rendered":"https:\/\/www.europesays.com\/fr\/60051\/"},"modified":"2025-04-28T19:56:09","modified_gmt":"2025-04-28T19:56:09","slug":"le-conseil-des-ministres-valide-larrivee-du-nouveau-prefet-des-alpes-maritimes","status":"publish","type":"post","link":"https:\/\/www.europesays.com\/fr\/60051\/","title":{"rendered":"Le conseil des ministres valide l&rsquo;arriv\u00e9e du nouveau pr\u00e9fet des Alpes-Maritimes"},"content":{"rendered":"<p>Laurent Hottiaux est le nouveau pr\u00e9fet des Alpes-Maritimes. <a href=\"https:\/\/www.nicematin.com\/politique\/laurent-hottiaux-ex-prefet-des-hauts-de-seine-devrait-etre-nomme-prefet-des-alpes-maritimes-983663?t=1745860364\" target=\"_blank\" rel=\"noopener\">Comme annonc\u00e9 par Nice-Matin<\/a>, l&rsquo;ancien pr\u00e9fet d\u00e9barque sur la C\u00f4te d&rsquo;Azur <a href=\"https:\/\/www.nicematin.com\/politique\/je-n-etais-pas-la-pour-copiner-avec-les-elus-sur-le-depart-le-prefet-des-alpes-maritimes-hugues-moutouh-detaille-ses-relations-avec-les-elus-locaux-982306\" target=\"_blank\" rel=\"noopener\">en remplacement d&rsquo;Hugues Moutouh<\/a>.\u00a0<\/p>\n<p>Sa nomination a \u00e9t\u00e9 valid\u00e9e lundi 28 avril par le Conseil des ministres.\u00a0<\/p>\n<p>\u00ab\u00a0Sa grande exp\u00e9rience, notamment dans l\u2019organisation de grands \u00e9v\u00e9nements et dans la lutte contre le narcotrafic, sera un atout pr\u00e9cieux pour notre territoire. Il peut compter sur notre total soutien\u00a0\u00bb, a r\u00e9agi le maire de Nice Christian Estrosi sur X.\u00a0<\/p>\n<blockquote class=\"twitter-tweet\">\n<p lang=\"fr\" dir=\"ltr\">Je tiens \u00e0 f\u00e9liciter Laurent Hottiaux, nomm\u00e9 <a href=\"https:\/\/twitter.com\/prefet06?ref_src=twsrc%5Etfw\" target=\"_blank\" rel=\"noopener\">@prefet06<\/a>. Je souhaite la bienvenue \u00e0 ce grand serviteur de l\u2019Etat. <br \/>Sa grande exp\u00e9rience, notamment dans l\u2019organisation de grands \u00e9v\u00e9nements et dans la lutte contre le narcotrafic, sera un atout pr\u00e9cieux pour notre territoire. Il peut\u2026<\/p>\n<p>\u2014 Christian Estrosi (@cestrosi) <a href=\"https:\/\/twitter.com\/cestrosi\/status\/1916865230212141464?ref_src=twsrc%5Etfw\" target=\"_blank\" rel=\"noopener\">April 28, 2025<\/a><\/p><\/blockquote>\n<p>\u00c2g\u00e9 de 51 ans, il a officiellement quitt\u00e9 ses fonctions en novembre dernier. Il \u00e9tait redevenu administrateur d\u2019\u00c9tat, dans l\u2019attente de sa nouvelle affectation. Plus lisse que le pr\u00e9fet \u00ab\u00a0deux claques et au lit\u00a0\u00bb, Laurent Hottiaux, dipl\u00f4m\u00e9 de l\u2019Ena et de Sciences Po, n\u2019a pas \u00e9t\u00e9 \u00e9pargn\u00e9 en termes de crise depuis sa prise de fonction en ao\u00fbt 2020 dans les Hauts-de-Seine: Covid, crise en Ukraine avec les arriv\u00e9es de r\u00e9fugi\u00e9s, ou encore des \u00e9meutes, notamment lors de l\u2019affaire Nahel en juin 2023.<\/p>\n<p>\u00c0 sa sortie de l\u2019Ena, en 2000, il a \u00e9t\u00e9 directeur de cabinet du pr\u00e9fet de Corse et pr\u00e9fet de la Corse-du-Sud de 2002 jusqu\u2019au printemps 2004.<\/p>\n<p>Laurent Hottiaux est surtout consid\u00e9r\u00e9 comme un fid\u00e8le d\u2019Emmanuel Macron, dont il a \u00e9t\u00e9 le conseiller s\u00e9curit\u00e9 pendant trois ans, avant sa nomination dans les Hauts-de-Seine.<\/p>\n<p>                                                                                                                                        <script async src=\"https:\/\/platform.twitter.com\/widgets.js\" charset=\"utf-8\"><\/script><\/p>\n","protected":false},"excerpt":{"rendered":"Laurent Hottiaux est le nouveau pr\u00e9fet des Alpes-Maritimes. Comme annonc\u00e9 par Nice-Matin, l&rsquo;ancien pr\u00e9fet d\u00e9barque sur la C\u00f4te&hellip;\n","protected":false},"author":2,"featured_media":60052,"comment_status":"","ping_status":"","sticky":false,"template":"","format":"standard","meta":{"footnotes":""},"categories":[2819],"tags":[1111,11,1777,674,332,1011,27,12,2401,882,25],"class_list":{"0":"post-60051","1":"post","2":"type-post","3":"status-publish","4":"format-standard","5":"has-post-thumbnail","7":"category-nice","8":"tag-actu","9":"tag-actualites","10":"tag-eu","11":"tag-europe","12":"tag-faits-de-societe","13":"tag-fr","14":"tag-france","15":"tag-news","16":"tag-nice","17":"tag-provence-alpes-cote-dazur","18":"tag-republique-francaise"},"share_on_mastodon":{"url":"https:\/\/pubeurope.com\/@fr\/114417355046744718","error":""},"_links":{"self":[{"href":"https:\/\/www.europesays.com\/fr\/wp-json\/wp\/v2\/posts\/60051","targetHints":{"allow":["GET"]}}],"collection":[{"href":"https:\/\/www.europesays.com\/fr\/wp-json\/wp\/v2\/posts"}],"about":[{"href":"https:\/\/www.europesays.com\/fr\/wp-json\/wp\/v2\/types\/post"}],"author":[{"embeddable":true,"href":"https:\/\/www.europesays.com\/fr\/wp-json\/wp\/v2\/users\/2"}],"replies":[{"embeddable":true,"href":"https:\/\/www.europesays.com\/fr\/wp-json\/wp\/v2\/comments?post=60051"}],"version-history":[{"count":0,"href":"https:\/\/www.europesays.com\/fr\/wp-json\/wp\/v2\/posts\/60051\/revisions"}],"wp:featuredmedia":[{"embeddable":true,"href":"https:\/\/www.europesays.com\/fr\/wp-json\/wp\/v2\/media\/60052"}],"wp:attachment":[{"href":"https:\/\/www.europesays.com\/fr\/wp-json\/wp\/v2\/media?parent=60051"}],"wp:term":[{"taxonomy":"category","embeddable":true,"href":"https:\/\/www.europesays.com\/fr\/wp-json\/wp\/v2\/categories?post=60051"},{"taxonomy":"post_tag","embeddable":true,"href":"https:\/\/www.europesays.com\/fr\/wp-json\/wp\/v2\/tags?post=60051"}],"curies":[{"name":"wp","href":"https:\/\/api.w.org\/{rel}","templated":true}]}}