{"id":600520,"date":"2025-12-15T09:57:09","date_gmt":"2025-12-15T09:57:09","guid":{"rendered":"https:\/\/www.europesays.com\/fr\/600520\/"},"modified":"2025-12-15T09:57:09","modified_gmt":"2025-12-15T09:57:09","slug":"en-direct-attentat-en-australie-le-pnat-ouvre-une-enquete-apres-la-mort-du-francais-dan-elkayam-le-monde-fr","status":"publish","type":"post","link":"https:\/\/www.europesays.com\/fr\/600520\/","title":{"rendered":"EN DIRECT, attentat en Australie : le PNAT ouvre une enqu\u00eate apr\u00e8s la mort du Fran\u00e7ais Dan Elkayam &#8211; Le Monde.fr"},"content":{"rendered":"<ol>\n<li><a href=\"https:\/\/news.google.com\/rss\/articles\/CBMi-gFBVV95cUxOcDhpdDBMbkc0bkYydl9GaERIVF9VUXUwTGJjb0hqRFVUNGt4cEVzeHg1RjJQbHF4M1U2eXB0NTZGT2RIY3o2UEpUTGdjcmQyamxlREVvMnltcDZBb2ZSUFMxTUc0a3lhMEY3NW1jZ2lkM0RJdzZPbkxCTDhfX2N4Nk9pTm1RYnZwRFktdDBCdVExZGYtU21HemRVbnRfMlZOT3Q4TFlqYTRJRGFzOC14MEhhSGR2NUEtYkpmR0dnTlQtNXNKeWlJc0tIZ1V3WjdyY3dnX0NuaURMNHNyTXJRckIzaktyX2N3Z2RJWnczRjBkdWtZSVBubTJB?oc=5\" target=\"_blank\" rel=\"noopener\">EN DIRECT, attentat en Australie : le PNAT ouvre une enqu\u00eate apr\u00e8s la mort du Fran\u00e7ais Dan Elkayam<\/a>&nbsp;&nbsp;Le Monde.fr<\/li>\n<li><a href=\"https:\/\/news.google.com\/rss\/articles\/CBMirgJBVV95cUxNdkNVTGU1VTlhQUEzaTlzMlVTVElYdlMzWWdYcjJ5UEdrMGRGdVJiMTE5Y2dLT19WSGpmWXNodFVRTllFM3JFVGdOMktwM194TmR4NzJRbHh3SkNhazhXT29qcllwaUVNaFdHUXBvbFoxdEJkOUZ5bnlxRzZVZmVtWjBWNzRoSWhsNGJKNWhpSmg2X0F1bTdFMlVKTzQ3R0J2cGNmQ0tKNjY1MHNkN3psOHQ1enVTaE5FS24tZ01kSVRPaEpKLW93aHB1cDNFcnA1MzdKY3FzTEZoZHpzWkVkQTJHRWs0SWstUnk1VU90bVRIdnptM2hleHA5a3ZhMS1lVWVhQjlnZTl3ZE11TjBqQVYwTnZQa3BwaVZaelIxbC04SFEtNDRLSVNFUkRnQQ?oc=5\" target=\"_blank\" rel=\"noopener\">Jean-No\u00ebl Barrot, ministre de l\u2019Europe et des Affaires \u00e9trang\u00e8res, s&rsquo;exprime apr\u00e8s la mort de Dan Elkayam, Fran\u00e7ais tu\u00e9 dans l&rsquo;attentat de Sydney<\/a>&nbsp;&nbsp;BFM<\/li>\n<li><a href=\"https:\/\/news.google.com\/rss\/articles\/CBMi4AFBVV95cUxORXNYWTVRNGs2dWhTUHYwOTFVN0xMY1lfdlR3NHdKSGYzRFVQQTBzVVE4Q2lkZjczMFJjX3pKeEtyeG9GZFFxYmM5Vks5ZnpGZVpQTFYzbVhlV1dxUmVaV0hKbVRYWVBRczY2b2lURzNxLVJGN3dnZDZQS0g0SngwTWh4aUdkMGt0SHFwbGp3cjBXVTE0ZnBxQmlPNHBhLS1rOHozLTRtb3ZQV1hwRXg0REdRUzJPN1VqeXVONi1rMy1CUW5kMUIwTERKdXVCdVBLRmhqOXg4bkhBeVhfSVJGUQ?oc=5\" target=\"_blank\" rel=\"noopener\">Attentat de Sydney : un jeune Fran\u00e7ais, Dan Elkayam, tu\u00e9 lors de l\u2019attaque<\/a>&nbsp;&nbsp;Le Parisien<\/li>\n<li><a href=\"https:\/\/news.google.com\/rss\/articles\/CBMi4gFBVV95cUxPcEVYVXBnTjNNSTR2b05Dc1h5cTQ5alVjTEFrV2VzcWp3R1hCSjhMNWN1RUdFNXRQMFNlQUl0Xy0tSEo4a2t0dnlNVVFzcnd2YnlndXZyYnhsUW03RzljcnpfeHdNLWd3M25yZlNCTkNXTzJDX0cwa29uZ2hSQ25jRUVPV2xub0RkdS1VSG9pc2ZsMjJqNzBIS0hoVW5oSGpWa3B2VDFTLXZMRzNINy1ueFJWdUZQdGZyVjdJUXgyaFpuOWtoTzRSWmpVY2tzQUZnUnFuRjZBWnR3UHQxNVZiUkdB?oc=5\" target=\"_blank\" rel=\"noopener\">Fusillade mortelle \u00e0 Sydney : la vid\u00e9o d&rsquo;un \u00ab\u00a0h\u00e9ros\u00a0\u00bb qui d\u00e9sarme \u00e0 mains nues un des assaillants enflamme Internet<\/a>&nbsp;&nbsp;La Montagne<\/li>\n<li><a href=\"https:\/\/news.google.com\/rss\/articles\/CBMivAJBVV95cUxQcDQ5aEhodHQ2NGk2NzA1WHdNXzVqOTg1Y1ZJN21RNnk0eHpDWTV5cEtHczB3OVVhZkllb0lsQ2tUZzRZdFAxdVFxemk0djg1Rm8yeUxJTHg0X1dLY3NJWDFTcnJtSVBCUFdFT3MzZ1NmSU96MWFvZkFZSFVRbmVaak1GNXRhc3IyWF9DUFRDWi1ValpUcnN2ZVVfY0d3NE5HckVzMXRHU2tOc1pxRG5MVnZNckxXV01UaXVrLVBScnFGeGJOOUx6VDlkWDVyaXVjcGNteFRwX0poVzd5cU9kQWtnUUpuNk13YldRbWh1LW9EVjdQM09UNXJtX3FlTWlMZ0ZPWHROZU5HTUtmdWZDNW83SkZDUEhlRWN1NFh5UW5tSEl3amgtSDdCeVhsZzg5ajJ5YXQtNF9seHJY?oc=5\" target=\"_blank\" rel=\"noopener\">Attentat antis\u00e9mite en Australie : ce que l&rsquo;on sait du p\u00e8re et de son fils, les deux tireurs de l&rsquo;attaque de Bondi Beach<\/a>&nbsp;&nbsp;Franceinfo<\/li>\n<\/ol>\n","protected":false},"excerpt":{"rendered":"EN DIRECT, attentat en Australie : le PNAT ouvre une enqu\u00eate apr\u00e8s la mort du Fran\u00e7ais Dan Elkayam&nbsp;&nbsp;Le&hellip;\n","protected":false},"author":2,"featured_media":395849,"comment_status":"","ping_status":"","sticky":false,"template":"","format":"standard","meta":{"footnotes":""},"categories":[5],"tags":[11,1011,27,14,12,28],"class_list":{"0":"post-600520","1":"post","2":"type-post","3":"status-publish","4":"format-standard","5":"has-post-thumbnail","7":"category-international","8":"tag-actualites","9":"tag-fr","10":"tag-france","11":"tag-international","12":"tag-news","13":"tag-world"},"share_on_mastodon":{"url":"https:\/\/pubeurope.com\/@fr\/115722993567177943","error":""},"_links":{"self":[{"href":"https:\/\/www.europesays.com\/fr\/wp-json\/wp\/v2\/posts\/600520","targetHints":{"allow":["GET"]}}],"collection":[{"href":"https:\/\/www.europesays.com\/fr\/wp-json\/wp\/v2\/posts"}],"about":[{"href":"https:\/\/www.europesays.com\/fr\/wp-json\/wp\/v2\/types\/post"}],"author":[{"embeddable":true,"href":"https:\/\/www.europesays.com\/fr\/wp-json\/wp\/v2\/users\/2"}],"replies":[{"embeddable":true,"href":"https:\/\/www.europesays.com\/fr\/wp-json\/wp\/v2\/comments?post=600520"}],"version-history":[{"count":0,"href":"https:\/\/www.europesays.com\/fr\/wp-json\/wp\/v2\/posts\/600520\/revisions"}],"wp:featuredmedia":[{"embeddable":true,"href":"https:\/\/www.europesays.com\/fr\/wp-json\/wp\/v2\/media\/395849"}],"wp:attachment":[{"href":"https:\/\/www.europesays.com\/fr\/wp-json\/wp\/v2\/media?parent=600520"}],"wp:term":[{"taxonomy":"category","embeddable":true,"href":"https:\/\/www.europesays.com\/fr\/wp-json\/wp\/v2\/categories?post=600520"},{"taxonomy":"post_tag","embeddable":true,"href":"https:\/\/www.europesays.com\/fr\/wp-json\/wp\/v2\/tags?post=600520"}],"curies":[{"name":"wp","href":"https:\/\/api.w.org\/{rel}","templated":true}]}}