{"id":600521,"date":"2025-12-15T09:58:11","date_gmt":"2025-12-15T09:58:11","guid":{"rendered":"https:\/\/www.europesays.com\/fr\/600521\/"},"modified":"2025-12-15T09:58:11","modified_gmt":"2025-12-15T09:58:11","slug":"valerie-pecresse-sinsurge-contre-les-envies-dalliance-de-son-parti-avec-le-rn-liberation","status":"publish","type":"post","link":"https:\/\/www.europesays.com\/fr\/600521\/","title":{"rendered":"Val\u00e9rie P\u00e9cresse s\u2019insurge contre les envies d\u2019alliance de son parti avec le RN \u2013 Lib\u00e9ration"},"content":{"rendered":"<p class=\"sc-cPiKLX AiZTS text-element\">La droite r\u00e9publicaine \u00abdoit se reprendre\u00bb, \u00abn\u2019est pas \u00e0 vendre\u00bb et ne saurait servir de \u00abcaution de respectabilit\u00e9\u00bb au Rassemblement national, estime l\u2019ancienne candidate LR \u00e0 la pr\u00e9sidentielle <a href=\"https:\/\/www.liberation.fr\/politique\/valerie-pecresse-prepare-son-retour-dans-le-bain-de-la-politique-nationale-20250312_4QZY6OWRYBFZXHL2EFRFAAIUDQ\/\" target=\"_blank\" rel=\"noreferrer noopener\" title=\"https:\/\/www.liberation.fr\/politique\/valerie-pecresse-prepare-son-retour-dans-le-bain-de-la-politique-nationale-20250312_4QZY6OWRYBFZXHL2EFRFAAIUDQ\/\">Val\u00e9rie P\u00e9cresse<\/a> dans un texte publi\u00e9 par <a href=\"https:\/\/www.latribune.fr\/article\/la-tribune-dimanche\/politique\/11375802902285\/opinion-la-droite-n-est-pas-a-vendre-par-valerie-pecresse-presidente-de-la-region-ile-de-france-et-ancienne-candidate-lr-a-la-presidentielle\" target=\"_blank\" rel=\"noreferrer noopener\" title=\"https:\/\/www.latribune.fr\/article\/la-tribune-dimanche\/politique\/11375802902285\/opinion-la-droite-n-est-pas-a-vendre-par-valerie-pecresse-presidente-de-la-region-ile-de-france-et-ancienne-candidate-lr-a-la-presidentielle\">la Tribune dimanche<\/a>. Alors que <a href=\"https:\/\/www.liberation.fr\/politique\/une-alliance-lr-rn-le-spectre-de-lunion-des-droites-sinvite-dans-la-crise-politique-20251008_NNGRBQEGKFFLJKTRFBIJPFWQKI\/\" target=\"_blank\" rel=\"noreferrer noopener\" title=\"https:\/\/www.liberation.fr\/politique\/une-alliance-lr-rn-le-spectre-de-lunion-des-droites-sinvite-dans-la-crise-politique-20251008_NNGRBQEGKFFLJKTRFBIJPFWQKI\/\">\u00abl\u2019union des droites\u00bb<\/a> continue de faire son chemin chez Les R\u00e9publicains, la pr\u00e9sidente de la r\u00e9gion Ile-de-France renvoie dos \u00e0 dos le RN et La France insoumise, selon elle \u00ables deux faces d\u2019une m\u00eame impasse\u00bb.<\/p>\n<p class=\"sc-cPiKLX AiZTS text-element\">\u00abLFI, c\u2019est la France divis\u00e9e et ruin\u00e9e\u00bb, \u00e9crit-elle. Quant au RN, il cache sous \u00ables habits du sauveur\u00bb un \u00abprogramme \u00e9conomique calqu\u00e9 sur celui de l\u2019extr\u00eame gauche\u00bb, \u00abdes pirouettes incessantes sur l\u2019Europe\u00bb et \u00abune fascination trouble pour Poutine et Trump\u00bb. \u00abApr\u00e8s une d\u00e9cennie de navigation \u00e0 vue, la France a besoin d\u2019un cap et d\u2019une boussole, pas d\u2019une girouette qui la conduirait au naufrage\u00bb, tranche la candidate LR \u00e0 la pr\u00e9sidentielle de 2022, qui <a href=\"https:\/\/www.liberation.fr\/politique\/elections\/presidentielle-valerie-pecresse-ko-debout-20220410_A2ZXCT4QARE3ZAYPGENRVCZKJM\/\" target=\"_blank\" rel=\"noreferrer noopener\" title=\"https:\/\/www.liberation.fr\/politique\/elections\/presidentielle-valerie-pecresse-ko-debout-20220410_A2ZXCT4QARE3ZAYPGENRVCZKJM\/\">avait \u00e9chou\u00e9 sous la barre des 5 %<\/a> au 1er tour.<\/p>\n<p class=\"sc-cPiKLX AiZTS text-element\">Relevant sans les nommer que \u00abcertains\u00bb dans son camp \u00abcaressent l\u2019id\u00e9e d\u2019<a href=\"https:\/\/www.liberation.fr\/politique\/les-petites-alliances-entre-lr-et-lextreme-droite-se-multiplient-20251010_5JQIPLETQ5BVHJVDIVJK4CXH5A\/\" target=\"_blank\" rel=\"noreferrer noopener\" title=\"https:\/\/www.liberation.fr\/politique\/les-petites-alliances-entre-lr-et-lextreme-droite-se-multiplient-20251010_5JQIPLETQ5BVHJVDIVJK4CXH5A\/\">une alliance<\/a> avec le Rassemblement national\u00bb, la pr\u00e9sidente de la r\u00e9gion capitale met en garde : \u00abIl n\u2019y a rien \u00e0 attendre de ceux qui m\u00e9prisent la droite r\u00e9publicaine, ses valeurs et son histoire. S\u2019allier au RN, c\u2019est s\u2019effacer. C\u2019est devenir ses suppl\u00e9tifs, sa caution de respectabilit\u00e9\u00bb. \u00abLa droite n\u2019est pas \u00e0 vendre ! Elle n\u2019existe pas pour servir de marchepied \u00e0 d\u2019autres. Elle doit exister pour redresser la France\u00bb, poursuit-elle en appelant \u00e0 une alliance d\u00e8s le premier tour de la pr\u00e9sidentielle entre \u00abanciens de l\u2019UMP, gaullistes, centristes, <a href=\"https:\/\/www.liberation.fr\/politique\/pour-edouard-philippe-la-colonisation-nest-pas-un-crime-ou-quand-la-droite-ne-lit-plus-les-historiens-20251210_FIENQ2S3N5ABTIM44UT2UH65FU\/\" target=\"_blank\" rel=\"noreferrer noopener\" title=\"https:\/\/www.liberation.fr\/politique\/pour-edouard-philippe-la-colonisation-nest-pas-un-crime-ou-quand-la-droite-ne-lit-plus-les-historiens-20251210_FIENQ2S3N5ABTIM44UT2UH65FU\/\">membres d\u2019Horizons<\/a>\u00bb et \u00abd\u00e9\u00e7us du macronisme\u00bb.<\/p>\n<p class=\"sc-cPiKLX AiZTS text-element\">La prise de position de Val\u00e9rie P\u00e9cresse intervient quelques jours apr\u00e8s la sortie du livre <a href=\"https:\/\/www.liberation.fr\/politique\/libe-a-lu-pour-vous-le-journal-dun-prisonnier-de-sarkozy-et-a-bien-failli-se-noyer-dans-le-pathos-20251208_NTE535REENBWZK4L7OGYVRWZHU\/\" target=\"_blank\" rel=\"noreferrer noopener\" title=\"https:\/\/www.liberation.fr\/politique\/libe-a-lu-pour-vous-le-journal-dun-prisonnier-de-sarkozy-et-a-bien-failli-se-noyer-dans-le-pathos-20251208_NTE535REENBWZK4L7OGYVRWZHU\/\">le Journal d\u2019un prisonnier<\/a> de Nicolas Sarkozy, dans lequel l\u2019ancien pr\u00e9sident estime que \u00able chemin de reconstruction\u00bb de la droite \u00abne pourra passer que par l\u2019esprit de rassemblement le plus large possible, sans exclusive et sans anath\u00e8me\u00bb. Un autre pr\u00e9sident de r\u00e9gion LR, <a href=\"https:\/\/www.liberation.fr\/politique\/xavier-bertrand-nouveau-caillou-dans-la-chaussure-de-retailleau-20251208_5MIEKKLQYJHJVNQBVR47X5Z6XQ\/\" target=\"_blank\" rel=\"noreferrer noopener\" title=\"https:\/\/www.liberation.fr\/politique\/xavier-bertrand-nouveau-caillou-dans-la-chaussure-de-retailleau-20251208_5MIEKKLQYJHJVNQBVR47X5Z6XQ\/\">Xavier Bertrand<\/a> (Hauts-de-France), a pour sa part r\u00e9affirm\u00e9 son combat \u00abcontre les extr\u00eames\u00bb : \u00abNi LFI ni Rassemblement national.\u00bb<\/p>\n","protected":false},"excerpt":{"rendered":"La droite r\u00e9publicaine \u00abdoit se reprendre\u00bb, \u00abn\u2019est pas \u00e0 vendre\u00bb et ne saurait servir de \u00abcaution de respectabilit\u00e9\u00bb&hellip;\n","protected":false},"author":2,"featured_media":600522,"comment_status":"","ping_status":"","sticky":false,"template":"","format":"standard","meta":{"footnotes":""},"categories":[4],"tags":[11,1013,1011,27,1077,780,3228,430,12,3091,25,2848,2328,15431],"class_list":{"0":"post-600521","1":"post","2":"type-post","3":"status-publish","4":"format-standard","5":"has-post-thumbnail","7":"category-france","8":"tag-actualites","9":"tag-bruno-retailleau","10":"tag-fr","11":"tag-france","12":"tag-jordan-bardella","13":"tag-lfi","14":"tag-lr","15":"tag-marine-le-pen","16":"tag-news","17":"tag-nicolas-sarkozy","18":"tag-republique-francaise","19":"tag-rn","20":"tag-valerie-pecresse","21":"tag-xavier-bertrand"},"share_on_mastodon":{"url":"https:\/\/pubeurope.com\/@fr\/115722997295130363","error":""},"_links":{"self":[{"href":"https:\/\/www.europesays.com\/fr\/wp-json\/wp\/v2\/posts\/600521","targetHints":{"allow":["GET"]}}],"collection":[{"href":"https:\/\/www.europesays.com\/fr\/wp-json\/wp\/v2\/posts"}],"about":[{"href":"https:\/\/www.europesays.com\/fr\/wp-json\/wp\/v2\/types\/post"}],"author":[{"embeddable":true,"href":"https:\/\/www.europesays.com\/fr\/wp-json\/wp\/v2\/users\/2"}],"replies":[{"embeddable":true,"href":"https:\/\/www.europesays.com\/fr\/wp-json\/wp\/v2\/comments?post=600521"}],"version-history":[{"count":0,"href":"https:\/\/www.europesays.com\/fr\/wp-json\/wp\/v2\/posts\/600521\/revisions"}],"wp:featuredmedia":[{"embeddable":true,"href":"https:\/\/www.europesays.com\/fr\/wp-json\/wp\/v2\/media\/600522"}],"wp:attachment":[{"href":"https:\/\/www.europesays.com\/fr\/wp-json\/wp\/v2\/media?parent=600521"}],"wp:term":[{"taxonomy":"category","embeddable":true,"href":"https:\/\/www.europesays.com\/fr\/wp-json\/wp\/v2\/categories?post=600521"},{"taxonomy":"post_tag","embeddable":true,"href":"https:\/\/www.europesays.com\/fr\/wp-json\/wp\/v2\/tags?post=600521"}],"curies":[{"name":"wp","href":"https:\/\/api.w.org\/{rel}","templated":true}]}}