{"id":600525,"date":"2025-12-15T10:00:16","date_gmt":"2025-12-15T10:00:16","guid":{"rendered":"https:\/\/www.europesays.com\/fr\/600525\/"},"modified":"2025-12-15T10:00:16","modified_gmt":"2025-12-15T10:00:16","slug":"comment-sorganise-la-lutte-contre-les-points-de-deal-a-firminy","status":"publish","type":"post","link":"https:\/\/www.europesays.com\/fr\/600525\/","title":{"rendered":"comment s&rsquo;organise la lutte contre les points de deal \u00e0 Firminy"},"content":{"rendered":"<p>Priorit\u00e9 de la police nationale de la Loire, la lutte contre le narcotrafic et les points de deal s\u2019organise \u00e0 Firminy. La premi\u00e8re ville de l\u2019Ondaine fait l\u2019objet d\u2019un travail acharn\u00e9 des forces de l\u2019ordre. Les op\u00e9rations se multiplient, celles sur la voie publique mais aussi les interventions judiciaires men\u00e9es apr\u00e8s de minutieuses enqu\u00eates pour d\u00e9manteler les r\u00e9seaux.<\/p>\n<p>Layat-Bas-Mas, Sous-Paulat, Firminy-Vert\u2026 Les lieux sont connus de tous et les services de s\u00e9curit\u00e9 s\u2019attachent \u00e0 ne pas laisser les dealers s\u2019installer de nouveau l\u00e0 o\u00f9 d\u2019autres se sont fait coffrer.<\/p>\n<p>Beaucoup de d\u00e9mant\u00e8lements en 2025<\/p>\n<p>C\u2019\u00e9tait le cas le 13\u00a0octobre au Mail, o\u00f9 une importante saisie de produits d\u00e9lictueux a \u00e9t\u00e9 effectu\u00e9e, sept mois apr\u00e8s <a href=\"https:\/\/www.leprogres.fr\/faits-divers-justice\/2025\/03\/26\/point-de-deal-demantele-saisie-de-cannabis-de-cocaine-et-10-000-euros-en-liquide\" target=\"_blank\" rel=\"noopener\">une op\u00e9ration d\u2019envergure, le 24\u00a0mars<\/a>. Au printemps, l\u2019\u00e9quivalent de&#8230;<\/p>\n","protected":false},"excerpt":{"rendered":"Priorit\u00e9 de la police nationale de la Loire, la lutte contre le narcotrafic et les points de deal&hellip;\n","protected":false},"author":2,"featured_media":600526,"comment_status":"","ping_status":"","sticky":false,"template":"","format":"standard","meta":{"footnotes":""},"categories":[9653],"tags":[1111,11,2430,7539,1777,674,274,107,10282,10283,1011,27,3367,8721,12,25,4001,10806],"class_list":{"0":"post-600525","1":"post","2":"type-post","3":"status-publish","4":"format-standard","5":"has-post-thumbnail","7":"category-saint-etienne","8":"tag-actu","9":"tag-actualites","10":"tag-auvergne-rhone-alpes","11":"tag-edition-loire-sud","12":"tag-eu","13":"tag-europe","14":"tag-faits-divers-justice","15":"tag-fil-info","16":"tag-firminy","17":"tag-firminy-ville","18":"tag-fr","19":"tag-france","20":"tag-loire","21":"tag-narcotrafic","22":"tag-news","23":"tag-republique-francaise","24":"tag-saint-etienne","25":"tag-selection-de-la-redaction-42"},"share_on_mastodon":{"url":"https:\/\/pubeurope.com\/@fr\/115723005315005639","error":""},"_links":{"self":[{"href":"https:\/\/www.europesays.com\/fr\/wp-json\/wp\/v2\/posts\/600525","targetHints":{"allow":["GET"]}}],"collection":[{"href":"https:\/\/www.europesays.com\/fr\/wp-json\/wp\/v2\/posts"}],"about":[{"href":"https:\/\/www.europesays.com\/fr\/wp-json\/wp\/v2\/types\/post"}],"author":[{"embeddable":true,"href":"https:\/\/www.europesays.com\/fr\/wp-json\/wp\/v2\/users\/2"}],"replies":[{"embeddable":true,"href":"https:\/\/www.europesays.com\/fr\/wp-json\/wp\/v2\/comments?post=600525"}],"version-history":[{"count":0,"href":"https:\/\/www.europesays.com\/fr\/wp-json\/wp\/v2\/posts\/600525\/revisions"}],"wp:featuredmedia":[{"embeddable":true,"href":"https:\/\/www.europesays.com\/fr\/wp-json\/wp\/v2\/media\/600526"}],"wp:attachment":[{"href":"https:\/\/www.europesays.com\/fr\/wp-json\/wp\/v2\/media?parent=600525"}],"wp:term":[{"taxonomy":"category","embeddable":true,"href":"https:\/\/www.europesays.com\/fr\/wp-json\/wp\/v2\/categories?post=600525"},{"taxonomy":"post_tag","embeddable":true,"href":"https:\/\/www.europesays.com\/fr\/wp-json\/wp\/v2\/tags?post=600525"}],"curies":[{"name":"wp","href":"https:\/\/api.w.org\/{rel}","templated":true}]}}