{"id":600536,"date":"2025-12-15T10:09:10","date_gmt":"2025-12-15T10:09:10","guid":{"rendered":"https:\/\/www.europesays.com\/fr\/600536\/"},"modified":"2025-12-15T10:09:10","modified_gmt":"2025-12-15T10:09:10","slug":"une-epicerie-vandalisee-un-mois-apres-avoir-ete-incendiee","status":"publish","type":"post","link":"https:\/\/www.europesays.com\/fr\/600536\/","title":{"rendered":"une \u00e9picerie vandalis\u00e9e un mois apr\u00e8s avoir \u00e9t\u00e9 incendi\u00e9e"},"content":{"rendered":"<p>                    Par<br \/>\n        <strong><br \/>\n            <a href=\"https:\/\/actu.fr\/auteur\/jm-aubert\" title=\"Consulter tous les articles de Jean-Marc Aubert\" target=\"_blank\" rel=\"noopener\">Jean-Marc Aubert<\/a><br \/>\n                    <\/strong><\/p>\n<p>        Publi\u00e9 le<\/p>\n<p>            15 d\u00e9c. 2025 \u00e0 10h33        <\/p>\n<p>\/ INFO M\u00c9TROPOLITAIN \/<\/p>\n<p class=\" wall-content\">Un mois apr\u00e8s avoir \u00e9t\u00e9 <strong>volontairement incendi\u00e9e<\/strong>, l\u2019\u00e9picerie \u00e0 l\u2019enseigne Chez Slimaxx, ouverte 7 jours sur 7, jour et nuit situ\u00e9e dans le quartier Saint-Martin, \u00e0 <strong>Montpellier<\/strong>, a \u00e9t\u00e9 <strong>vandalis\u00e9e<\/strong>. Un commando a op\u00e9r\u00e9 en fin de semaine derni\u00e8re, selon le voisinage, avant de repartir tranquillement. Cet acte qui n\u2019a dur\u00e9 que quelques minutes ressemble \u00e0 une vengeance ou a un r\u00e8glement de compte.<\/p>\n<p class=\" wall-content\">Les baies vitr\u00e9es ont \u00e9t\u00e9 fracass\u00e9es \u00e0<strong> coups de masse<\/strong> avec des tags et des inscriptions trac\u00e9s \u00e0 la peinture jaune et bleue : fdp, slp, fce ou encore Ntm. On ignore si l\u2019exploitant de ce commerce et\/ou des remploy\u00e9s se trouvaient dans le commerce au moment de cette exp\u00e9dition punitive.<\/p>\n<p>    <a href=\"https:\/\/www.google.com\/maps\/embed?pb=!1m18!1m12!1m3!1d8111.816271852662!2d3.883698348464905!3d43.59452951398949!2m3!1f0!2f0!3f0!3m2!1i1024!2i768!4f13.1!3m3!1m2!1s0x12b6afbe162fa0b7%3A0xd11dfe43fd4b265e!2s723%20Av.%20du%20Mar%C3%A9chal%20Leclerc%2C%2034070%20Montpellier!5e0!3m2!1sfr!2sfr!4v1765788135060!5m2!1sfr!2sfr\" title=\"Ouvrie le lien\" target=\"_blank\" rel=\"noopener\">Cliquez ici pour visualiser le contenu<\/a><\/p>\n<p class=\" wall-content\">Le pr\u00e9judice est important et s\u2019ajoute aux frais r\u00e9cemment engag\u00e9s pour r\u00e9nover cette \u00e9picerie de proximit\u00e9 \u00e0 l\u2019enseigne \u00ab\u00a0Alimentation g\u00e9n\u00e9rale\u00a0\u00bb, implant\u00e9e sur l\u2019avenue du Mar\u00e9chal-Leclerc. En effet, un mois apr\u00e8s qu\u2019un individu ait volontairement incendi\u00e9 ce commerce, des travaux de r\u00e9novation men\u00e9s tambour battant ont permis sa r\u00e9ouverture \u00e0 la client\u00e8le. Un nouveau chantier va \u00eatre n\u00e9cessaire \u00e0 quelques jours des f\u00eates de fin d\u2019ann\u00e9e.<\/p>\n<p class=\" wall-content\">Cet acte de vandalisme est-il li\u00e9 \u00e0 l<strong>\u00a0incendie criminel<\/strong> un\u00a0mois plus t\u00f4t\u00a0? Dans la nuit du 6 au 7 novembre 2025, vers 1h15, un individu encagoul\u00e9, arm\u00e9 et transportant un jerrican rempli d\u2019essence, v\u00eatu d\u2019une djellaba avait fait irruption dans cette \u00e9picerie. Il avait braqu\u00e9 l\u2019employ\u00e9 et deux clients avec une arme de poing, leur ordonnant de quitter les lieux, ce qu\u2019ils avaient fait sans attendre, Puis, cet inconnu avait vid\u00e9 son bidon d\u2019essence au sol, avant de mettre le feu et de s\u2019enfuir comme il \u00e9tait venu : \u00e0 pied.<\/p>\n<p>Vid\u00e9os : en ce moment sur Actu<\/p>\n<p class=\" wall-content\">R\u00e9side-t-il dans cette cit\u00e9 et a t-il rejoint son domicile, une fois son geste accompli, ou a t-il rejoint un v\u00e9hicule gar\u00e9 dans le secteur ? Des questions que se posent les enqu\u00eateurs du <strong>Service interd\u00e9partemental de police judiciaire<\/strong> -Sipj- de la DIPN 34 charg\u00e9 des investigations.<\/p>\n<p>Votre r\u00e9gion, votre actu !<\/p>\n<p>Recevez chaque jour les infos qui comptent pour vous.<\/p>\n<p>\t<a href=\"https:\/\/actu.fr\/newsletter\" class=\"ac-btn ac-btn--corner ac-btn--medium ac-btn--blue800\" target=\"_blank\" rel=\"noopener\">S&rsquo;incrire<\/a><\/p>\n<p class=\" wall-content\">Les policiers \u00e9tabliraient un lien entre l\u2019incendie volontaire et le saccage de cette alimentation Chez Slimaxx avec l\u2019incendie criminel survenu dans la nuit du 20 au 21 novembre dernier avec la mort effroyable de Nadir, l\u2019employ\u00e9 \u00e2g\u00e9 de 19 ans, pi\u00e9g\u00e9 dans l\u2019\u00e9picerie \u00ab\u00a0Alimentation de la Tour\u00a0\u00bbrapidement \u00a0transform\u00e9e en brasier au rez-de-chauss\u00e9e de la Tour Saint-Martin.<\/p>\n<p>Coups de feu et coups de couteau<\/p>\n<p class=\" wall-content\">Un ami qui se trouvait sur place et qui n\u2019a pas pu extraire son ami Nadir, seul t\u00e9moin direct a indiqu\u00e9 avoir aper\u00e7u deux individus ayant surgi \u00e0 pied, d\u2019abord en tirant des <strong>coups de feu en l\u2019air<\/strong> au fusil \u00e0 pompe, puis en jetant un cocktail Molotov sur de l\u2019essence.<\/p>\n<p class=\" wall-content\">Par ailleurs, un rapprochement serait r\u00e9alis\u00e9 apr\u00e8s le<a href=\"https:\/\/actu.fr\/occitanie\/montpellier_34172\/montpellier-represailles-qui-a-mitraille-au-fusil-a-pompe-la-porte-d-un-appartement-a-saint-martin_63477326.html\" target=\"_blank\" rel=\"noopener\"> mitraillage au fusil \u00e0 pompe de la porte d\u2019un appartement,<\/a> toujours dans le quartier Saint-Martin, entre les deux incendies criminels visant les \u00e9piceries, ainsi que la violente agression commise sur le client d\u2019un autre commerce d\u2019alimentation, \u00e9galement avenue du Mar\u00e9chal-Leclerc : il a \u00e9t\u00e9 poignard\u00e9, une heure apr\u00e8s que l\u2019\u00e9picerie de la Tour, 7 rue de Gau, ait \u00e9t\u00e9 vis\u00e9e par le geste criminel ayant provoqu\u00e9 le d\u00e9c\u00e8s de Nadir et alors que de nombreux policiers nationaux se trouvaient sur zone.<\/p>\n<p class=\" wall-content\">L\u2019agresseur pr\u00e9sum\u00e9 n\u2019a pas \u00e9t\u00e9 identifi\u00e9. L\u2019\u00e9picier qui a assist\u00e9 \u00e0 la sc\u00e8ne du coup de couteau ne se connait pas d\u2019ennemi et ne comprend pas pourquoi son commerce a \u00e9t\u00e9 vis\u00e9, alors qu\u2019\u00e0 300m de l\u00e0, l\u2019\u00e9picerie de la Tour flambait.<\/p>\n<p class=\" wall-content\">Cette\u00a0<strong>guerre entre narcotrafiquants<\/strong>\u00a0perdure dans le quartier Saint-Martin sur fond d\u2019incendies volontaires avec la destruction des affaires juteuses sur fond de r\u00e8glements de compte, de repr\u00e9sailles, de menaces et de racket. Avec l\u2019ombre de la DZ Mafia.<\/p>\n<p class=\" wall-content\">Personnalisez votre actualit\u00e9 en ajoutant vos villes et m\u00e9dias en favori avec <a href=\"https:\/\/moncompte.actu.fr\" title=\"D\u00e9couvez Mon Actu\" rel=\"nofollow noopener\" data-trk=\"{&quot;cta&quot;:{&quot;action&quot;:&quot;https:\\\/\\\/moncompte.actu.fr&quot;,&quot;category&quot;:&quot;mon compte&quot;,&quot;from&quot;:&quot;article footer&quot;,&quot;name&quot;:&quot;Mon actu&quot;,&quot;type&quot;:&quot;cta&quot;}}\" target=\"_blank\">Mon Actu<\/a>.<\/p>\n","protected":false},"excerpt":{"rendered":"Par Jean-Marc Aubert Publi\u00e9 le 15 d\u00e9c. 2025 \u00e0 10h33 \/ INFO M\u00c9TROPOLITAIN \/ Un mois apr\u00e8s avoir&hellip;\n","protected":false},"author":2,"featured_media":600537,"comment_status":"","ping_status":"","sticky":false,"template":"","format":"standard","meta":{"footnotes":""},"categories":[9599],"tags":[1111,11,1777,674,118,1011,27,1310,303,2208,12,2680,1072,25],"class_list":{"0":"post-600536","1":"post","2":"type-post","3":"status-publish","4":"format-standard","5":"has-post-thumbnail","7":"category-montpellier","8":"tag-actu","9":"tag-actualites","10":"tag-eu","11":"tag-europe","12":"tag-faits-divers","13":"tag-fr","14":"tag-france","15":"tag-incendie","16":"tag-justice","17":"tag-montpellier","18":"tag-news","19":"tag-occitanie","20":"tag-police","21":"tag-republique-francaise"},"share_on_mastodon":{"url":"https:\/\/pubeurope.com\/@fr\/115723040406459837","error":""},"_links":{"self":[{"href":"https:\/\/www.europesays.com\/fr\/wp-json\/wp\/v2\/posts\/600536","targetHints":{"allow":["GET"]}}],"collection":[{"href":"https:\/\/www.europesays.com\/fr\/wp-json\/wp\/v2\/posts"}],"about":[{"href":"https:\/\/www.europesays.com\/fr\/wp-json\/wp\/v2\/types\/post"}],"author":[{"embeddable":true,"href":"https:\/\/www.europesays.com\/fr\/wp-json\/wp\/v2\/users\/2"}],"replies":[{"embeddable":true,"href":"https:\/\/www.europesays.com\/fr\/wp-json\/wp\/v2\/comments?post=600536"}],"version-history":[{"count":0,"href":"https:\/\/www.europesays.com\/fr\/wp-json\/wp\/v2\/posts\/600536\/revisions"}],"wp:featuredmedia":[{"embeddable":true,"href":"https:\/\/www.europesays.com\/fr\/wp-json\/wp\/v2\/media\/600537"}],"wp:attachment":[{"href":"https:\/\/www.europesays.com\/fr\/wp-json\/wp\/v2\/media?parent=600536"}],"wp:term":[{"taxonomy":"category","embeddable":true,"href":"https:\/\/www.europesays.com\/fr\/wp-json\/wp\/v2\/categories?post=600536"},{"taxonomy":"post_tag","embeddable":true,"href":"https:\/\/www.europesays.com\/fr\/wp-json\/wp\/v2\/tags?post=600536"}],"curies":[{"name":"wp","href":"https:\/\/api.w.org\/{rel}","templated":true}]}}