{"id":600538,"date":"2025-12-15T10:11:12","date_gmt":"2025-12-15T10:11:12","guid":{"rendered":"https:\/\/www.europesays.com\/fr\/600538\/"},"modified":"2025-12-15T10:11:12","modified_gmt":"2025-12-15T10:11:12","slug":"rouen-baisse-des-tarifs-invites-ce-qui-change-dans-le-stationnement-residentiel","status":"publish","type":"post","link":"https:\/\/www.europesays.com\/fr\/600538\/","title":{"rendered":"Rouen. Baisse des tarifs, invit\u00e9s\u2026 Ce qui change dans le stationnement r\u00e9sidentiel"},"content":{"rendered":"<p melodystyle=\"texte\">Il est d\u00e9sormais possible d&rsquo;offrir <a href=\"https:\/\/www.tendanceouest.com\/actualite-413615-rouen-easypark-et-paybyphone-deux-nouvelles-applications-pour-payer-son-stationnement-a-quel-prix\" target=\"_blank\" rel=\"noopener\">des journ\u00e9es de stationnement<\/a> \u00e0 Rouen \u00e0 un ami ou un membre de la famille avec le Pass Visiteur, si vous disposez d&rsquo;un abonnement de stationnement r\u00e9sidentiel en cours de validit\u00e9 (un mois, trois mois, six mois ou un an). Ce Pass Visiteur fonctionne uniquement <a href=\"https:\/\/www.tendanceouest.com\/actualite-425056-rouen-la-ville-etend-le-stationnement-payant\" target=\"_blank\" rel=\"noopener\">dans votre zone de stationnement.<\/a><\/p>\n<p>Comment \u00e7a fonctionne\u00a0?<\/p>\n<p melodystyle=\"texte\">Le nombre de tickets gratuits d\u00e9pend de la dur\u00e9e de l&rsquo;abonnement. Un abonnement annuel dispose de 24 journ\u00e9es gratuites pour ses visiteurs, 12 journ\u00e9es pour un abonnement semestriel, 6 journ\u00e9es pour un abonnement trimestriel et deux journ\u00e9es pour un abonnement mensuel.<\/p>\n<p melodystyle=\"texte\">Pour b\u00e9n\u00e9ficier du Pass Visiteur, rendez-vous sur le site de <a href=\"https:\/\/rouen-normandie-stationnement.fr\/abonnement-parking\/\" target=\"_blank\" rel=\"noopener\">Rouen Normandie Stationnement<\/a> et suivez les \u00e9tapes suivantes :<\/p>\n<p melodystyle=\"texte\">1. Se connecter \u00e0 son espace personnel.<\/p>\n<p melodystyle=\"texte\">2. Se rendre dans l&rsquo;onglet \u00ab\u00a0Pack Visiteur\u00a0\u00bb et cliquer sur \u00ab\u00a0Offrir une journ\u00e9e\u00a0\u00bb.<\/p>\n<p melodystyle=\"texte\">3. Indiquer le nom du visiteur, la plaque d&rsquo;immatriculation et la date souhait\u00e9e.<\/p>\n<p melodystyle=\"texte\">4. Valider. La journ\u00e9e est automatiquement attribu\u00e9e et d\u00e9compt\u00e9e du pack.<\/p>\n<p>De nouveaux tarifs depuis le 1er\u00a0septembre 2025<\/p>\n<p melodystyle=\"texte\">Depuis le 1er septembre 2025, les tarifs des stationnements r\u00e9sidentiels ont baiss\u00e9 de 33% par apport aux anciens tarifs. A titre d&rsquo;exemple, l&rsquo;abonnement mensuel est pass\u00e9 de 15\u20ac \u00e0 10\u20ac ou encore l&rsquo;abonnement annuel de 180\u20ac \u00e0 120\u20ac.<\/p>\n<p melodystyle=\"texte\">Pour les abonnements d\u00e9j\u00e0 souscrits et dont la validit\u00e9 s&rsquo;\u00e9tend au-del\u00e0 du 1er\u00a0septembre 2025, il est donc possible d&rsquo;obtenir un remboursement au prorata de la diff\u00e9rence tarifaire pour la p\u00e9riode restante jusqu&rsquo;au 31\u00a0mars 2026.<\/p>\n<p melodystyle=\"texte\">Pour plus d&rsquo;informations et pour souscrire, rendez-vous sur le site de la SPL<a href=\"https:\/\/rouen-normandie-stationnement.fr\/\" target=\"_blank\" rel=\"noopener\"> Rouen Normandie Stationnement<\/a> au 02 35 70 13 88.<\/p>\n","protected":false},"excerpt":{"rendered":"Il est d\u00e9sormais possible d&rsquo;offrir des journ\u00e9es de stationnement \u00e0 Rouen \u00e0 un ami ou un membre de&hellip;\n","protected":false},"author":2,"featured_media":600539,"comment_status":"","ping_status":"","sticky":false,"template":"","format":"standard","meta":{"footnotes":""},"categories":[9587],"tags":[1111,11,1777,674,1011,27,12,5161,25,9590],"class_list":{"0":"post-600538","1":"post","2":"type-post","3":"status-publish","4":"format-standard","5":"has-post-thumbnail","7":"category-rouen","8":"tag-actu","9":"tag-actualites","10":"tag-eu","11":"tag-europe","12":"tag-fr","13":"tag-france","14":"tag-news","15":"tag-normandie","16":"tag-republique-francaise","17":"tag-rouen"},"share_on_mastodon":{"url":"https:\/\/pubeurope.com\/@fr\/115723048484011846","error":""},"_links":{"self":[{"href":"https:\/\/www.europesays.com\/fr\/wp-json\/wp\/v2\/posts\/600538","targetHints":{"allow":["GET"]}}],"collection":[{"href":"https:\/\/www.europesays.com\/fr\/wp-json\/wp\/v2\/posts"}],"about":[{"href":"https:\/\/www.europesays.com\/fr\/wp-json\/wp\/v2\/types\/post"}],"author":[{"embeddable":true,"href":"https:\/\/www.europesays.com\/fr\/wp-json\/wp\/v2\/users\/2"}],"replies":[{"embeddable":true,"href":"https:\/\/www.europesays.com\/fr\/wp-json\/wp\/v2\/comments?post=600538"}],"version-history":[{"count":0,"href":"https:\/\/www.europesays.com\/fr\/wp-json\/wp\/v2\/posts\/600538\/revisions"}],"wp:featuredmedia":[{"embeddable":true,"href":"https:\/\/www.europesays.com\/fr\/wp-json\/wp\/v2\/media\/600539"}],"wp:attachment":[{"href":"https:\/\/www.europesays.com\/fr\/wp-json\/wp\/v2\/media?parent=600538"}],"wp:term":[{"taxonomy":"category","embeddable":true,"href":"https:\/\/www.europesays.com\/fr\/wp-json\/wp\/v2\/categories?post=600538"},{"taxonomy":"post_tag","embeddable":true,"href":"https:\/\/www.europesays.com\/fr\/wp-json\/wp\/v2\/tags?post=600538"}],"curies":[{"name":"wp","href":"https:\/\/api.w.org\/{rel}","templated":true}]}}