{"id":600542,"date":"2025-12-15T10:13:12","date_gmt":"2025-12-15T10:13:12","guid":{"rendered":"https:\/\/www.europesays.com\/fr\/600542\/"},"modified":"2025-12-15T10:13:12","modified_gmt":"2025-12-15T10:13:12","slug":"debut-dincendie-criminel-dans-une-mosquee-un-blesse-leger","status":"publish","type":"post","link":"https:\/\/www.europesays.com\/fr\/600542\/","title":{"rendered":"d\u00e9but d&rsquo;incendie criminel dans une mosqu\u00e9e, un bless\u00e9 l\u00e9ger"},"content":{"rendered":"<p>\n    Une personne qui squattait les lieux a \u00e9t\u00e9 transport\u00e9e \u00e0 l\u2019h\u00f4pital sans que ses jours ne soient en danger. Une enqu\u00eate a \u00e9t\u00e9 ouverte.<\/p>\n<p class=\"fig-paragraph\">Un\u00a0<a href=\"http:\/\/www.lefigaro.fr\/faits-divers\/incendie-criminel-d-un-college-a-dijon-trois-a-cinq-pyromanes-recherches-probablement-en-lien-avec-le-narcotrafic-20251214\" data-fig-type=\"NewsFlash\" data-gtm-custom-categorie=\"navigation\" data-gtm-custom-action=\"crossclick\" data-gtm-custom-label=\"Contextuel\" data-gtm-event=\"customEventSPE\" data-fig-domain=\"LEFIGARO\" target=\"_blank\" rel=\"noopener\">incendie\u00a0<\/a>d&rsquo;origine criminelle s&rsquo;est d\u00e9clench\u00e9 dans la nuit de dimanche \u00e0 lundi dans une mosqu\u00e9e de\u00a0<a href=\"http:\/\/www.lefigaro.fr\/sciences\/a-grenoble-un-gibet-du-xvie-siecle-decouvert-sous-un-parking-20251212\" data-fig-type=\"Article\" data-gtm-custom-categorie=\"navigation\" data-gtm-custom-action=\"crossclick\" data-gtm-custom-label=\"Contextuel\" data-gtm-event=\"customEventSPE\" data-fig-domain=\"LEFIGARO\" target=\"_blank\" rel=\"noopener\">Grenoble<\/a>, avant d&rsquo;\u00eatre rapidement \u00e9teint par un r\u00e9sident, selon des sources polici\u00e8res cit\u00e9es par l\u2019AFP.<\/p>\n<p class=\"fig-paragraph\">Le feu a d\u00e9marr\u00e9 vers 2 heures dans un placard \u00e0 chaussures dans les parties communes du b\u00e2timent, situ\u00e9 dans le quartier Saint-Bruno, selon ces sources. Un r\u00e9sident a rapidement \u00e9teint les flammes qui s&rsquo;\u00e9taient empar\u00e9es de tapis dans le couloir, ont-elles pr\u00e9cis\u00e9.<\/p>\n<p>                                            <a class=\"fig-a11y-skip\" href=\"#fig-a11y-skip-main-inarticle\" data-module=\"a11y-skip\" data-context=\"was @visible\"><br \/>\n    Passer la publicit\u00e9<br \/>\n<\/a>            <\/p>\n<p class=\"fig-paragraph\">Une personne qui squattait les lieux a \u00e9t\u00e9 incommod\u00e9e par les fum\u00e9es et transport\u00e9 \u00e0 l&rsquo;h\u00f4pital sans que ses jours ne soient en danger. L&rsquo;enqu\u00eate a \u00e9t\u00e9 confi\u00e9e \u00e0 la police judiciaire.<\/p>\n","protected":false},"excerpt":{"rendered":"Une personne qui squattait les lieux a \u00e9t\u00e9 transport\u00e9e \u00e0 l\u2019h\u00f4pital sans que ses jours ne soient en&hellip;\n","protected":false},"author":2,"featured_media":600543,"comment_status":"","ping_status":"","sticky":false,"template":"","format":"standard","meta":{"footnotes":""},"categories":[9566],"tags":[1111,11,2430,1777,674,1011,27,2731,1310,14577,12,25],"class_list":{"0":"post-600542","1":"post","2":"type-post","3":"status-publish","4":"format-standard","5":"has-post-thumbnail","7":"category-grenoble","8":"tag-actu","9":"tag-actualites","10":"tag-auvergne-rhone-alpes","11":"tag-eu","12":"tag-europe","13":"tag-fr","14":"tag-france","15":"tag-grenoble","16":"tag-incendie","17":"tag-mosquee","18":"tag-news","19":"tag-republique-francaise"},"share_on_mastodon":{"url":"https:\/\/pubeurope.com\/@fr\/115723056262798613","error":""},"_links":{"self":[{"href":"https:\/\/www.europesays.com\/fr\/wp-json\/wp\/v2\/posts\/600542","targetHints":{"allow":["GET"]}}],"collection":[{"href":"https:\/\/www.europesays.com\/fr\/wp-json\/wp\/v2\/posts"}],"about":[{"href":"https:\/\/www.europesays.com\/fr\/wp-json\/wp\/v2\/types\/post"}],"author":[{"embeddable":true,"href":"https:\/\/www.europesays.com\/fr\/wp-json\/wp\/v2\/users\/2"}],"replies":[{"embeddable":true,"href":"https:\/\/www.europesays.com\/fr\/wp-json\/wp\/v2\/comments?post=600542"}],"version-history":[{"count":0,"href":"https:\/\/www.europesays.com\/fr\/wp-json\/wp\/v2\/posts\/600542\/revisions"}],"wp:featuredmedia":[{"embeddable":true,"href":"https:\/\/www.europesays.com\/fr\/wp-json\/wp\/v2\/media\/600543"}],"wp:attachment":[{"href":"https:\/\/www.europesays.com\/fr\/wp-json\/wp\/v2\/media?parent=600542"}],"wp:term":[{"taxonomy":"category","embeddable":true,"href":"https:\/\/www.europesays.com\/fr\/wp-json\/wp\/v2\/categories?post=600542"},{"taxonomy":"post_tag","embeddable":true,"href":"https:\/\/www.europesays.com\/fr\/wp-json\/wp\/v2\/tags?post=600542"}],"curies":[{"name":"wp","href":"https:\/\/api.w.org\/{rel}","templated":true}]}}