{"id":600555,"date":"2025-12-15T10:20:39","date_gmt":"2025-12-15T10:20:39","guid":{"rendered":"https:\/\/www.europesays.com\/fr\/600555\/"},"modified":"2025-12-15T10:20:39","modified_gmt":"2025-12-15T10:20:39","slug":"a-orvault-le-reamenagement-du-bourg-et-la-charte-deontologique-concernant-les-cameras","status":"publish","type":"post","link":"https:\/\/www.europesays.com\/fr\/600555\/","title":{"rendered":"\u00c0 Orvault, le r\u00e9am\u00e9nagement du bourg et la charte d\u00e9ontologique concernant les cam\u00e9ras,"},"content":{"rendered":"<p>Le conseil municipal du 15\u00a0d\u00e9cembre marquera une \u00e9tape d\u00e9cisive dans la <a href=\"https:\/\/nantes.maville.com\/actu\/actudet_-plus-de-200-logements-construits-dans-le-bourg-d-orvault-d-ici-dix-ans-_52716-5734324_actu.Htm?utm_source=troove&amp;utm_medium=site\" target=\"_self\" rel=\"noopener\">transformation du bourg d\u2019Orvault<\/a> avec la mise au vote des cessions fonci\u00e8res pour 1,5\u00a0million d\u2019euros, des \u00eelots \u00a0Mairie\u00a0, \u00a0Vieux Ch\u00eane\u00a0 et \u00a0Jeanne-d\u2019Arc\u00a0 au profit de l\u2019am\u00e9nageur B\u00e2ti Nantes. Ces ventes lanceront concr\u00e8tement un projet global initi\u00e9 en 2021 et guid\u00e9 par un plan \u00e9labor\u00e9 en 2023 avec un panel citoyen, pr\u00e9voyant notamment de nouveaux commerces et services publics \u2013 multi-accueil, espaces associatifs, p\u00f4le sant\u00e9, halle de march\u00e9. <strong>\u00ab\u00a0<\/strong>Le projet vise un \u00e9quilibre global entre vitalit\u00e9 commerciale, qualit\u00e9 r\u00e9sidentielle, pr\u00e9servation de l\u2019esprit village et am\u00e9lioration des mobilit\u00e9s<strong>\u00a0<strong>\u00bb<\/strong> <\/strong> <strong>,<\/strong> pr\u00e9cise Jean-S\u00e9bastien Guitton, maire \u00e9cologiste (non encart\u00e9), lors d\u2019un point presse en amont du conseil. Les am\u00e9nagements pr\u00e9vus am\u00e9lioreront la mobilit\u00e9 gr\u00e2ce \u00e0 de nouveaux cheminements et \u00e0 un futur axe cyclable. <a href=\"https:\/\/nantes.maville.com\/actu\/actudet_-la-densification-du-bourg-d-orvault-a-fait-debat-en-conseil-municipal-_52716-6081627_actu.Htm?utm_source=troove&amp;utm_medium=site\" target=\"_self\" rel=\"noopener\">Parall\u00e8lement, 42\u00a0logements sociaux seniors seront livr\u00e9s en 2026, tandis qu\u2019environ 120\u00a0logements suppl\u00e9mentaires seront construits d\u2019ici 2032<\/a>.<\/p>\n<p>\t<img decoding=\"async\" src=\"https:\/\/www.europesays.com\/fr\/wp-content\/uploads\/2025\/12\/P35640304D7109812G_px_640_.jpg\" alt=\"photo une cam\u00e9ra de vid\u00e9osurveillance est install\u00e9e \u00e0 la ferme du bignon, deux autres sont pr\u00e9vues \u00e0 plaisance, tandis que trois sont projet\u00e9es dans le bourg d\u2019orvault, apr\u00e8s la s\u00e9rie de cambriolages des commer\u00e7ants cet \u00e9t\u00e9.  \u00a9  archives\" width=\"640\" title=\" Une cam\u00e9ra de vid\u00e9osurveillance est install\u00e9e \u00e0 la Ferme du Bignon, deux autres sont pr\u00e9vues \u00e0 Plaisance, tandis que trois sont projet\u00e9es dans le bourg d\u2019Orvault, apr\u00e8s la s\u00e9rie de cambriolages des commer\u00e7ants cet \u00e9t\u00e9.   Archives \"\/><\/p>\n<p class=\"elmt-legende\"> Une cam\u00e9ra de vid\u00e9osurveillance est install\u00e9e \u00e0 la Ferme du Bignon, deux autres sont pr\u00e9vues \u00e0 Plaisance, tandis que trois sont projet\u00e9es dans le bourg d\u2019Orvault, apr\u00e8s la s\u00e9rie de cambriolages des commer\u00e7ants cet \u00e9t\u00e9.   Archives <\/p>\n<p>Le conseil municipal examinera \u00e9galement la mise en place du cadre d\u2019usage de la vid\u00e9oprotection, d\u00e9ploy\u00e9e \u00e0 titre exp\u00e9rimental pour r\u00e9pondre aux d\u00e9gradations, trafics et effractions constat\u00e9s. Cet outil, \u00a0compl\u00e9mentaire aux actions de pr\u00e9vention et \u00e0 la pr\u00e9sence humaine renforc\u00e9e depuis 2021\u00a0, insiste le maire, a d\u00e9j\u00e0 \u00e9t\u00e9 install\u00e9 \u00e0 la Ferme du Bignon et l\u2019est en cours \u00e0 Plaisance, tandis que trois cam\u00e9ras sont projet\u00e9es dans le bourg <a href=\"https:\/\/nantes.maville.com\/actu\/actudet_-cambriolages-a-orvault-ete-atypique-pression-des-commercants-la-mairie-installera-des-cameras-_8-6982874_actu.Htm?utm_source=troove&amp;utm_medium=site\" target=\"_self\" rel=\"noopener\">apr\u00e8s la s\u00e9rie de cambriolages des commer\u00e7ants cet \u00e9t\u00e9<\/a>. La Ville propose l\u2019adoption d\u2019une charte d\u00e9ontologique garantissant une utilisation strictement s\u00e9curitaire, \u00a0proportionn\u00e9e, irr\u00e9prochable et respectueuse des libert\u00e9s individuelles\u00a0\u00a0: donn\u00e9es prot\u00e9g\u00e9es, agents habilit\u00e9s uniquement, conservation limit\u00e9e \u00e0 trente jours, absence totale de technologies automatis\u00e9es ou de reconnaissance faciale. Elle pr\u00e9voit aussi la cr\u00e9ation d\u2019un comit\u00e9 d\u2019\u00e9thique associant \u00e9lus, \u00c9tat, Police nationale, associations et experts, charg\u00e9 d\u2019examiner les pratiques, suivre les statistiques, traiter les sollicitations citoyennes et publier un rapport annuel, assurant un contr\u00f4le d\u00e9mocratique continu. Jean-S\u00e9bastien Guitton l\u2019affirme\u00a0: \u00a0Cette transparence du cadre d\u2019utilisation est importante pour nous.\u00a0<\/p>\n<p>\u00a0<\/p>\n","protected":false},"excerpt":{"rendered":"Le conseil municipal du 15\u00a0d\u00e9cembre marquera une \u00e9tape d\u00e9cisive dans la transformation du bourg d\u2019Orvault avec la mise&hellip;\n","protected":false},"author":2,"featured_media":600556,"comment_status":"","ping_status":"","sticky":false,"template":"","format":"standard","meta":{"footnotes":""},"categories":[2818],"tags":[1111,11,29600,10817,34223,7516,1292,71315,1777,674,4560,1011,27,766,12,4151,2636,44151,25],"class_list":{"0":"post-600555","1":"post","2":"type-post","3":"status-publish","4":"format-standard","5":"has-post-thumbnail","7":"category-nantes","8":"tag-actu","9":"tag-actualites","10":"tag-bourg","11":"tag-cameras","12":"tag-charte","13":"tag-conseil","14":"tag-debat","15":"tag-deontologique","16":"tag-eu","17":"tag-europe","18":"tag-faire","19":"tag-fr","20":"tag-france","21":"tag-nantes","22":"tag-news","23":"tag-orvault","24":"tag-pays-de-la-loire","25":"tag-reamenagement","26":"tag-republique-francaise"},"share_on_mastodon":{"url":"https:\/\/pubeurope.com\/@fr\/115723084570060904","error":""},"_links":{"self":[{"href":"https:\/\/www.europesays.com\/fr\/wp-json\/wp\/v2\/posts\/600555","targetHints":{"allow":["GET"]}}],"collection":[{"href":"https:\/\/www.europesays.com\/fr\/wp-json\/wp\/v2\/posts"}],"about":[{"href":"https:\/\/www.europesays.com\/fr\/wp-json\/wp\/v2\/types\/post"}],"author":[{"embeddable":true,"href":"https:\/\/www.europesays.com\/fr\/wp-json\/wp\/v2\/users\/2"}],"replies":[{"embeddable":true,"href":"https:\/\/www.europesays.com\/fr\/wp-json\/wp\/v2\/comments?post=600555"}],"version-history":[{"count":0,"href":"https:\/\/www.europesays.com\/fr\/wp-json\/wp\/v2\/posts\/600555\/revisions"}],"wp:featuredmedia":[{"embeddable":true,"href":"https:\/\/www.europesays.com\/fr\/wp-json\/wp\/v2\/media\/600556"}],"wp:attachment":[{"href":"https:\/\/www.europesays.com\/fr\/wp-json\/wp\/v2\/media?parent=600555"}],"wp:term":[{"taxonomy":"category","embeddable":true,"href":"https:\/\/www.europesays.com\/fr\/wp-json\/wp\/v2\/categories?post=600555"},{"taxonomy":"post_tag","embeddable":true,"href":"https:\/\/www.europesays.com\/fr\/wp-json\/wp\/v2\/tags?post=600555"}],"curies":[{"name":"wp","href":"https:\/\/api.w.org\/{rel}","templated":true}]}}