{"id":600557,"date":"2025-12-15T10:21:45","date_gmt":"2025-12-15T10:21:45","guid":{"rendered":"https:\/\/www.europesays.com\/fr\/600557\/"},"modified":"2025-12-15T10:21:45","modified_gmt":"2025-12-15T10:21:45","slug":"fc-nantes-les-supporters-ont-baisse-les-bras-et-attendent-la-ligue-2","status":"publish","type":"post","link":"https:\/\/www.europesays.com\/fr\/600557\/","title":{"rendered":"FC Nantes : les supporters ont baiss\u00e9 les bras et attendent la Ligue 2"},"content":{"rendered":"<p><strong>Un sondage r\u00e9alis\u00e9 aupr\u00e8s des supporters du FC Nantes montre que ceux-ci ont abandonn\u00e9 tout espoir de bien terminer la saison en cours.<\/strong><\/p>\n<p>La semaine derni\u00e8re a \u00e9t\u00e9 \u00e9pouvantable pour le <a href=\"https:\/\/www.butfootballclub.fr\/1634580-fc-nantes-mercato-2-departs-deja-actes-et-un-casse-tete-pour-kantari\/\" target=\"_blank\" rel=\"noopener\">FC Nantes<\/a>. Et elle a visiblement laiss\u00e9 des traces chez ses supporters. Commenc\u00e9e avec la rumeur d\u2019un renvoi de Luis Castro et de son remplacement par Will Still, elle s\u2019est conclue par une lourde d\u00e9faite \u00e0 Angers (1-4) avec Ahmed Kantari sur le banc, le Belge ayant finalement repouss\u00e9 la proposition des Kita. C\u2019est le chaos sur le terrain, le flou sur le banc et le bazar en interne. L\u2019horizon semble bien sombre et un sondage r\u00e9alis\u00e9 par l\u2019insider Emmanuel Merceron sur son compte X confirme que les supporters nantais n\u2019y croient plus du tout !<\/p>\n<p>59,5% voient le FCN en \u00ab\u00a0mort clinique\u00a0\u00bb<\/p>\n<p>A la longue question \u00ab\u00a0Suite \u00e0 la premi\u00e8re loup\u00e9e de Kantari avec le FC Nantes, notamment tactiquement et dans le choix des joueurs, votre avis : faut-il corriger tr\u00e8s vite et prendre plus exp\u00e9riment\u00e9 ? Attendre de voir ? Croire en lui ? S\u2019en carrer royalement car le club est d\u00e9j\u00e0 mort clinique ?\u00a0\u00bb, plus de la moiti\u00e9 des votants sur pr\u00e8s de 2.000 ont r\u00e9pondu \u00ab\u00a0OSEF, club d\u00e9j\u00e0 mort\u00a0\u00bb (59,5%). Un tiers a opt\u00e9 pour un renvoi de Kantari en cas d\u2019\u00e9limination de la Coupe de France (32,5%). Ils sont tr\u00e8s peu \u00e0 \u00eatre pr\u00eats \u00e0 lui laisser du temps (5,9%) et encore moins \u00e0 croire en lui (2,1%).<\/p>\n<p>La sinistrose s\u2019est install\u00e9e en Loire-Atlantique et les supporters du <a href=\"https:\/\/www.butfootballclub.fr\/1634666-fc-nantes-ahmed-kantari-un-choix-danthony-lopes\/\" target=\"_blank\" rel=\"noopener\">FC Nantes<\/a> donnent le sentiment d\u2019\u00eatre pr\u00eats \u00e0 accepter une descente en Ligue 2 si cela signifie que Waldemar Kita vende le club. Terrible constat\u2026<\/p>\n<blockquote class=\"twitter-tweet\" data-width=\"550\" data-dnt=\"true\">\n<p lang=\"fr\" dir=\"ltr\">Suite \u00e0 la 1\u00e8re loup\u00e9e de Kantari avec le <a href=\"https:\/\/twitter.com\/hashtag\/FCNantes?src=hash&amp;ref_src=twsrc%5Etfw\" target=\"_blank\" rel=\"noopener\">#FCNantes<\/a>, notamment tactiquement &amp; dans le choix des joueurs, votre avis : Faut il corriger tr\u00e8s vite et prendre + exp\u00e9riment\u00e9 ? Attendre de voir ? Croire en lui ? S&rsquo;en carrer royalement car le club est d\u00e9j\u00e0 mort clinique ?<\/p>\n<p>\u2014 Emmanuel Merceron (@ManuMerceron) <a href=\"https:\/\/twitter.com\/ManuMerceron\/status\/2000290665511387482?ref_src=twsrc%5Etfw\" target=\"_blank\" rel=\"noopener\">December 14, 2025<\/a><\/p><\/blockquote>\n<p><script async src=\"https:\/\/platform.twitter.com\/widgets.js\" charset=\"utf-8\"><\/script><\/p>\n","protected":false},"excerpt":{"rendered":"Un sondage r\u00e9alis\u00e9 aupr\u00e8s des supporters du FC Nantes montre que ceux-ci ont abandonn\u00e9 tout espoir de bien&hellip;\n","protected":false},"author":2,"featured_media":600558,"comment_status":"","ping_status":"","sticky":false,"template":"","format":"standard","meta":{"footnotes":""},"categories":[2818],"tags":[1111,11,1777,674,1011,27,766,12,2636,25],"class_list":{"0":"post-600557","1":"post","2":"type-post","3":"status-publish","4":"format-standard","5":"has-post-thumbnail","7":"category-nantes","8":"tag-actu","9":"tag-actualites","10":"tag-eu","11":"tag-europe","12":"tag-fr","13":"tag-france","14":"tag-nantes","15":"tag-news","16":"tag-pays-de-la-loire","17":"tag-republique-francaise"},"share_on_mastodon":{"url":"https:\/\/pubeurope.com\/@fr\/115723087591381769","error":""},"_links":{"self":[{"href":"https:\/\/www.europesays.com\/fr\/wp-json\/wp\/v2\/posts\/600557","targetHints":{"allow":["GET"]}}],"collection":[{"href":"https:\/\/www.europesays.com\/fr\/wp-json\/wp\/v2\/posts"}],"about":[{"href":"https:\/\/www.europesays.com\/fr\/wp-json\/wp\/v2\/types\/post"}],"author":[{"embeddable":true,"href":"https:\/\/www.europesays.com\/fr\/wp-json\/wp\/v2\/users\/2"}],"replies":[{"embeddable":true,"href":"https:\/\/www.europesays.com\/fr\/wp-json\/wp\/v2\/comments?post=600557"}],"version-history":[{"count":0,"href":"https:\/\/www.europesays.com\/fr\/wp-json\/wp\/v2\/posts\/600557\/revisions"}],"wp:featuredmedia":[{"embeddable":true,"href":"https:\/\/www.europesays.com\/fr\/wp-json\/wp\/v2\/media\/600558"}],"wp:attachment":[{"href":"https:\/\/www.europesays.com\/fr\/wp-json\/wp\/v2\/media?parent=600557"}],"wp:term":[{"taxonomy":"category","embeddable":true,"href":"https:\/\/www.europesays.com\/fr\/wp-json\/wp\/v2\/categories?post=600557"},{"taxonomy":"post_tag","embeddable":true,"href":"https:\/\/www.europesays.com\/fr\/wp-json\/wp\/v2\/tags?post=600557"}],"curies":[{"name":"wp","href":"https:\/\/api.w.org\/{rel}","templated":true}]}}