{"id":600559,"date":"2025-12-15T10:23:10","date_gmt":"2025-12-15T10:23:10","guid":{"rendered":"https:\/\/www.europesays.com\/fr\/600559\/"},"modified":"2025-12-15T10:23:10","modified_gmt":"2025-12-15T10:23:10","slug":"la-magie-de-noel-sempare-du-centre-ville","status":"publish","type":"post","link":"https:\/\/www.europesays.com\/fr\/600559\/","title":{"rendered":"la magie de No\u00ebl s\u2019empare du centre-ville"},"content":{"rendered":"<p>Ainsi, vendredi\u00a019, place Charles-de-Gaulle, beignets, cr\u00eapes, vin et chocolat chaud r\u00e9galeront petits et grands \u00e0 18\u00a0heures. Cette d\u00e9gustation sera suivie, \u00e0 19\u00a0heures, du spectacle \u00ab\u00a0Les Oiseaux de Lune\u00a0\u00bb de la compagnie Mademoiselle Paillette Vertige et du lancement des mappings sur l\u2019\u00e9glise Saint-Vincent et la m\u00e9diath\u00e8que Michel-Sainte-Marie, \u00e0 19\u00a0h\u00a030&#8230;<\/p>\n<p>Ainsi, vendredi\u00a019, place Charles-de-Gaulle, beignets, cr\u00eapes, vin et chocolat chaud r\u00e9galeront petits et grands \u00e0 18\u00a0heures. Cette d\u00e9gustation sera suivie, \u00e0 19\u00a0heures, du spectacle \u00ab\u00a0Les Oiseaux de Lune\u00a0\u00bb de la compagnie Mademoiselle Paillette Vertige et du lancement des mappings sur l\u2019\u00e9glise Saint-Vincent et la m\u00e9diath\u00e8que Michel-Sainte-Marie, \u00e0 19\u00a0h\u00a030.<\/p>\n<p>Dimanche\u00a021, place Charles-de-Gaulle, animations, stand de maquillage, go\u00fbter et atelier cr\u00e9atif (sur inscription) seront propos\u00e9s de 14 \u00e0 17\u00a0heures. La musique r\u00e9sonnera de 14\u00a0h\u00a030 et 16\u00a0h\u00a030 \u00e0 l\u2019\u00e9glise Saint-Vincent avec le concert de gospel avec Heaven Gospel (sur inscription). Et pour les gourmands, une d\u00e9gustation de la b\u00fbche de No\u00ebl r\u00e9alis\u00e9e par la Boulangerie des copains aura lieu \u00e0 17\u00a0h\u00a030.<\/p>\n<p>Lundi\u00a022, c\u2019est au Pavillon du Pin Galant qu\u2019il faudra aller de 14 \u00e0 20\u00a0heures pour participer \u00e0 l\u2019atelier photo du P\u00e8re No\u00ebl et autres animations. \u00c0\u00a014\u00a0h\u00a030 et 16\u00a0heures, place aux \u00ab\u00a0Lutins farceurs\u00a0\u00bb, un spectacle familial de la compagnie Spirit spectacle. \u00c0 l\u2019issue de la premi\u00e8re repr\u00e9sentation, une d\u00e9gustation de chichis et cr\u00eapes sera propos\u00e9e et apr\u00e8s la seconde, le partage de la soupe de Calou permettra de r\u00e9chauffer les corps et les c\u0153urs.<\/p>\n","protected":false},"excerpt":{"rendered":"Ainsi, vendredi\u00a019, place Charles-de-Gaulle, beignets, cr\u00eapes, vin et chocolat chaud r\u00e9galeront petits et grands \u00e0 18\u00a0heures. Cette d\u00e9gustation&hellip;\n","protected":false},"author":2,"featured_media":600560,"comment_status":"","ping_status":"","sticky":false,"template":"","format":"standard","meta":{"footnotes":""},"categories":[2817],"tags":[1111,11,1997,1777,674,1011,27,12,2219,25],"class_list":{"0":"post-600559","1":"post","2":"type-post","3":"status-publish","4":"format-standard","5":"has-post-thumbnail","7":"category-bordeaux","8":"tag-actu","9":"tag-actualites","10":"tag-bordeaux","11":"tag-eu","12":"tag-europe","13":"tag-fr","14":"tag-france","15":"tag-news","16":"tag-nouvelle-aquitaine","17":"tag-republique-francaise"},"share_on_mastodon":{"url":"https:\/\/pubeurope.com\/@fr\/115723095644278831","error":""},"_links":{"self":[{"href":"https:\/\/www.europesays.com\/fr\/wp-json\/wp\/v2\/posts\/600559","targetHints":{"allow":["GET"]}}],"collection":[{"href":"https:\/\/www.europesays.com\/fr\/wp-json\/wp\/v2\/posts"}],"about":[{"href":"https:\/\/www.europesays.com\/fr\/wp-json\/wp\/v2\/types\/post"}],"author":[{"embeddable":true,"href":"https:\/\/www.europesays.com\/fr\/wp-json\/wp\/v2\/users\/2"}],"replies":[{"embeddable":true,"href":"https:\/\/www.europesays.com\/fr\/wp-json\/wp\/v2\/comments?post=600559"}],"version-history":[{"count":0,"href":"https:\/\/www.europesays.com\/fr\/wp-json\/wp\/v2\/posts\/600559\/revisions"}],"wp:featuredmedia":[{"embeddable":true,"href":"https:\/\/www.europesays.com\/fr\/wp-json\/wp\/v2\/media\/600560"}],"wp:attachment":[{"href":"https:\/\/www.europesays.com\/fr\/wp-json\/wp\/v2\/media?parent=600559"}],"wp:term":[{"taxonomy":"category","embeddable":true,"href":"https:\/\/www.europesays.com\/fr\/wp-json\/wp\/v2\/categories?post=600559"},{"taxonomy":"post_tag","embeddable":true,"href":"https:\/\/www.europesays.com\/fr\/wp-json\/wp\/v2\/tags?post=600559"}],"curies":[{"name":"wp","href":"https:\/\/api.w.org\/{rel}","templated":true}]}}