{"id":600561,"date":"2025-12-15T10:24:12","date_gmt":"2025-12-15T10:24:12","guid":{"rendered":"https:\/\/www.europesays.com\/fr\/600561\/"},"modified":"2025-12-15T10:24:12","modified_gmt":"2025-12-15T10:24:12","slug":"les-agriculteurs-bloquent-lautoroute-a63-au-sud-de-bordeaux-des-kilometres-de-bouchons","status":"publish","type":"post","link":"https:\/\/www.europesays.com\/fr\/600561\/","title":{"rendered":"Les agriculteurs bloquent l&rsquo;autoroute A63 au sud de Bordeaux : des kilom\u00e8tres de bouchons"},"content":{"rendered":"<p>                    Par<br \/>\n        <strong><br \/>\n            <a href=\"https:\/\/actu.fr\/auteur\/juliette-cardinale\" title=\"Consulter tous les articles de Juliette Cardinale\" target=\"_blank\" rel=\"noopener\">Juliette Cardinale<\/a><br \/>\n                    <\/strong><\/p>\n<p>        Publi\u00e9 le<\/p>\n<p>            15 d\u00e9c. 2025 \u00e0 10h43<br \/>\n        ; mis \u00e0 jour le 15 d\u00e9c. 2025 \u00e0 11h17    <\/p>\n<p>[MAJ \u00e0 11h15 avec les derni\u00e8res informations de la pr\u00e9fecture]<\/p>\n<p class=\" wall-content\">Gal\u00e8re au sud <a href=\"https:\/\/actu.fr\/bordeaux\/\" target=\"_blank\" rel=\"noopener\">de Bordeaux<\/a> ce lundi 15 d\u00e9cembre 2025. Les <a href=\"https:\/\/actu.fr\/nouvelle-aquitaine\/cestas_33122\/gironde-les-agriculteurs-de-la-coordination-rurale-annoncent-un-barrage-filtrant-sur-l-autoroute-a63_63575046.html\" target=\"_blank\" rel=\"noopener\">agriculteurs de la Coordination rurale l\u2019avaient annonc\u00e9<\/a> : ils <strong>bloquent l\u2019autoroute A63<\/strong> dans le sens Espagne-Bordeaux \u00e0 hauteur de Cestas depuis dimanche soir.<\/p>\n<p class=\" wall-content\">Ce lundi matin vers 10h30, on constate \u00ab\u00a0de <strong>tr\u00e8s importantes difficult\u00e9s<\/strong> ce matin avec des axes tr\u00e8s congestionn\u00e9s sur l\u2019A63 et les voiries d\u00e9partementales (notamment D1250 et D1010 vers la rocade bordelaise)\u00a0\u00bb, indique la pr\u00e9fecture de la Gironde.<\/p>\n<p>L\u2019autoroute bloqu\u00e9e depuis dimanche soir<\/p>\n<p class=\" wall-content\">Arriv\u00e9s en fin de soir\u00e9e dimanche soir, une cinquantaine de <a href=\"https:\/\/actu.fr\/tag\/manifestations\" target=\"_blank\" rel=\"noopener\">manifestants<\/a> a <strong>dormi sur l\u2019autoroute.\u00a0<\/strong>Dans la nuit, un <strong>radar mobile<\/strong> a \u00e9t\u00e9 vandalis\u00e9 et incendi\u00e9, tandis qu\u2019une partie des agriculteurs\u00a0a bloqu\u00e9 la zone industrielle.<\/p>\n<p class=\" wall-content\">Le pr\u00e9fet de la Gironde avait sign\u00e9 d\u00e8s dimanche soir un arr\u00eat\u00e9 de <strong>fermeture de circulation<\/strong> sur l\u2019A63 \u00e0 l\u2019\u00e9changeur 24 (Cestas). Ce lundi en fin de matin\u00e9e il a modifi\u00e9 les mesures de s\u00e9curit\u00e9.\u00a0<\/p>\n<p class=\" wall-content\">Pour rejoindre Bordeaux, une <strong>d\u00e9viation<\/strong> a \u00e9t\u00e9 mise en place, obligeant les automobilistes \u00e0 sortir par l\u2019\u00e9changeur 23 (Marcheprime).<\/p>\n<p class=\" wall-content\">Pour les voyageurs en direction de Toulouse, la <strong>sortie obligatoire<\/strong> \u00e0 l\u2019\u00e9changeur 17 (Liposthey \u2013 40) \u00e0 tout v\u00e9hicule l\u00e9ger circulant dans le sens Sud\/Nord. Les v\u00e9hicules sont d\u00e9vi\u00e9s\u00a0 par la D43 jusqu\u2019\u00e0 Sore puis la D220 jusqu\u2019\u00e0 Saint-Symphorien puis la D3 et la D222 jusqu\u2019\u00e0 Langon pour rejoindre l\u2019\u00e9changeur 3 de l\u2019A62.<\/p>\n<p>Votre r\u00e9gion, votre actu !<\/p>\n<p>Recevez chaque jour les infos qui comptent pour vous.<\/p>\n<p>\t<a href=\"https:\/\/actu.fr\/newsletter\" class=\"ac-btn ac-btn--corner ac-btn--medium ac-btn--blue800\" target=\"_blank\" rel=\"noopener\">S&rsquo;incrire<\/a><\/p>\n<p class=\" wall-content\">Les poids-lourds en provenance du Sud de la r\u00e9gion <strong>sur les aires de repos<\/strong> sont en stockage obligatoire au Sud de l\u2019\u00e9changeur 17.<\/p>\n<p class=\" wall-content\">\u00ab\u00a0L\u2019itin\u00e9raire par l\u2019A63 reste toujours fortement d\u00e9conseill\u00e9 pour les v\u00e9hicules venant d\u2019Espagne. Il est \u00e9galement <strong>d\u00e9conseill\u00e9 aux automobilistes<\/strong> d\u2019emprunter les itin\u00e9raires entre Cestas et la rocade sur la D1250 et la D1010\u2033, pr\u00e9cise la pr\u00e9fecture.<\/p>\n<p>Contre le protocole sanitaire<\/p>\n<p class=\" wall-content\">Les agriculteurs sont vent debout contre le <strong>protocole sanitaire<\/strong> de la dermatose nodulaire contagieuse (DNC). D\u00e8s qu\u2019une vache est atteinte de la maladie, <strong>tout le troupeau est syst\u00e9matiquement abattu.<\/strong><\/p>\n<p class=\" wall-content\">\u00ab\u2009Ici, ce ne sont pas seulement des CR qui sont sous ce pont. Ce sont des agriculteurs syndiqu\u00e9s ou non, \u00e9leveurs, viticulteurs, c\u00e9r\u00e9aliers. Mais aussi des <strong>artisans, des commer\u00e7ants, des citoyens\u2009\u00bb<\/strong>, \u00e9crit la Coordination rurale de la Gironde dans une <a href=\"https:\/\/www.facebook.com\/profile.php?id=61571712101000\" target=\"_blank\" rel=\"noopener\">publication Facebook.<\/a><\/p>\n<p class=\" wall-content\">Apr\u00e8s la <a href=\"https:\/\/actu.fr\/nouvelle-aquitaine\/bordeaux_33063\/pourquoi-une-degustation-de-la-cite-du-vin-a-bordeaux-a-rendu-fou-les-agriculteurs-de-la-coordination-rurale_63567586.html\" target=\"_blank\" rel=\"noopener\">mobilisation de la nuit du 11 au 12\u00a0d\u00e9cembre<\/a> ou celle de la <a href=\"https:\/\/actu.fr\/nouvelle-aquitaine\/begles_33039\/gironde-la-confederation-paysanne-a-cible-le-centre-commercial-rives-d-arcins-pour-faire-entendre-sa-colere_63575173.html\" target=\"_blank\" rel=\"noopener\">Conf\u00e9d\u00e9ration paysanne \u00e0 B\u00e8gles,<\/a> cette nouvelle action est signe que la col\u00e8re ne retombe pas. Et la Coordination rurale pr\u00e9vient, les agriculteurs ne sont pas pr\u00eats \u00e0 lever le camp\u2009: \u00ab\u2009S\u2019il faut <strong>passer les f\u00eates de fin d\u2019ann\u00e9e ici<\/strong> pour obtenir ce que l\u2019on veut, alors nous installerons le sapin ici et on ouvrira les cadeaux sous ce pont\u2009!\u2009\u00bb<\/p>\n<p class=\" wall-content\">Personnalisez votre actualit\u00e9 en ajoutant vos villes et m\u00e9dias en favori avec <a href=\"https:\/\/moncompte.actu.fr\" title=\"D\u00e9couvez Mon Actu\" rel=\"nofollow noopener\" data-trk=\"{&quot;cta&quot;:{&quot;action&quot;:&quot;https:\\\/\\\/moncompte.actu.fr&quot;,&quot;category&quot;:&quot;mon compte&quot;,&quot;from&quot;:&quot;article footer&quot;,&quot;name&quot;:&quot;Mon actu&quot;,&quot;type&quot;:&quot;cta&quot;}}\" target=\"_blank\">Mon Actu<\/a>.<\/p>\n","protected":false},"excerpt":{"rendered":"Par Juliette Cardinale Publi\u00e9 le 15 d\u00e9c. 2025 \u00e0 10h43 ; mis \u00e0 jour le 15 d\u00e9c. 2025&hellip;\n","protected":false},"author":2,"featured_media":600562,"comment_status":"","ping_status":"","sticky":false,"template":"","format":"standard","meta":{"footnotes":""},"categories":[2817],"tags":[1111,11,327,1997,26141,1777,674,1011,27,1272,12,2219,25,104],"class_list":{"0":"post-600561","1":"post","2":"type-post","3":"status-publish","4":"format-standard","5":"has-post-thumbnail","7":"category-bordeaux","8":"tag-actu","9":"tag-actualites","10":"tag-agriculture","11":"tag-bordeaux","12":"tag-coordination-rurale","13":"tag-eu","14":"tag-europe","15":"tag-fr","16":"tag-france","17":"tag-manifestations","18":"tag-news","19":"tag-nouvelle-aquitaine","20":"tag-republique-francaise","21":"tag-societe"},"share_on_mastodon":{"url":"https:\/\/pubeurope.com\/@fr\/115723099561432033","error":""},"_links":{"self":[{"href":"https:\/\/www.europesays.com\/fr\/wp-json\/wp\/v2\/posts\/600561","targetHints":{"allow":["GET"]}}],"collection":[{"href":"https:\/\/www.europesays.com\/fr\/wp-json\/wp\/v2\/posts"}],"about":[{"href":"https:\/\/www.europesays.com\/fr\/wp-json\/wp\/v2\/types\/post"}],"author":[{"embeddable":true,"href":"https:\/\/www.europesays.com\/fr\/wp-json\/wp\/v2\/users\/2"}],"replies":[{"embeddable":true,"href":"https:\/\/www.europesays.com\/fr\/wp-json\/wp\/v2\/comments?post=600561"}],"version-history":[{"count":0,"href":"https:\/\/www.europesays.com\/fr\/wp-json\/wp\/v2\/posts\/600561\/revisions"}],"wp:featuredmedia":[{"embeddable":true,"href":"https:\/\/www.europesays.com\/fr\/wp-json\/wp\/v2\/media\/600562"}],"wp:attachment":[{"href":"https:\/\/www.europesays.com\/fr\/wp-json\/wp\/v2\/media?parent=600561"}],"wp:term":[{"taxonomy":"category","embeddable":true,"href":"https:\/\/www.europesays.com\/fr\/wp-json\/wp\/v2\/categories?post=600561"},{"taxonomy":"post_tag","embeddable":true,"href":"https:\/\/www.europesays.com\/fr\/wp-json\/wp\/v2\/tags?post=600561"}],"curies":[{"name":"wp","href":"https:\/\/api.w.org\/{rel}","templated":true}]}}