{"id":600569,"date":"2025-12-15T10:28:13","date_gmt":"2025-12-15T10:28:13","guid":{"rendered":"https:\/\/www.europesays.com\/fr\/600569\/"},"modified":"2025-12-15T10:28:13","modified_gmt":"2025-12-15T10:28:13","slug":"trafic-de-cocaine-le-proces-dabdelkader-bouguettaia-sest-ouvert-a-lille-actualites","status":"publish","type":"post","link":"https:\/\/www.europesays.com\/fr\/600569\/","title":{"rendered":"Trafic de coca\u00efne: le proc\u00e8s d&rsquo;Abdelkader Bouguettaia s&rsquo;est ouvert \u00e0 Lille : Actualit\u00e9s"},"content":{"rendered":"<p class=\"lead \">Le proc\u00e8s du narcotrafiquant pr\u00e9sum\u00e9 Abdelkader Bouguettaia, jug\u00e9 pour des importations de coca\u00efne de grande ampleur en France, s&rsquo;est ouvert lundi \u00e0 Lille, plusieurs ann\u00e9es apr\u00e8s ses condamnations, en son absence, \u00e0 des peines allant jusqu&rsquo;\u00e0 15 ans de prison.<\/p>\n<p class=\"lead \">Lunettes aux verres \u00e9pais sur le nez, Abdelkader Bouguettaia, 38 ans, est apparu dans son box aux alentours de 9H30, le cr\u00e2ne ras\u00e9 et habill\u00e9 d&rsquo;un pull blanc.<\/p>\n<p class=\"lead \">Celui qui est surnomm\u00e9 \u00ab\u00a0Bibi\u00a0\u00bb a \u00e9t\u00e9 condamn\u00e9 en 2022, 2023 et 2024 \u00e0 Lille, deux fois \u00e0 neuf ans et une fois \u00e0 15 ans de r\u00e9clusion criminelle, pour des importations de coca\u00efne ayant eu lieu entre 2019 et 2021.<\/p>\n<p class=\"lead \">Mais ces proc\u00e8s se sont tenus en son absence, car il r\u00e9sidait \u00e0 l&rsquo;\u00e9poque \u00e0 Duba\u00ef.<\/p>\n<p class=\"lead \">Apr\u00e8s son extradition en juin de cette ann\u00e9e vers la France, il n&rsquo;a pas acquiesc\u00e9 \u00e0 ces condamnations, ouvrant la voie \u00e0 de nouveaux proc\u00e8s, regroup\u00e9s en un seul sur trois jours devant la Juridiction interr\u00e9gionale sp\u00e9cialis\u00e9e (Jirs) de Lille.<\/p>\n<p class=\"lead \">\u00ab\u00a0Bibi\u00a0\u00bb est soup\u00e7onn\u00e9 d&rsquo;avoir longtemps coordonn\u00e9 l&rsquo;importation de coca\u00efne au Havre, sa ville natale, avant de rejoindre Duba\u00ef fin 2019, d&rsquo;o\u00f9 il aurait continu\u00e9 \u00e0 piloter le trafic.<\/p>\n<p class=\"lead \">L&rsquo;ouverture son proc\u00e8s a attir\u00e9 quelques dizaines de journalistes, soumis au passage par deux portiques de s\u00e9curit\u00e9 puis au d\u00e9minage de leur mat\u00e9riel, scrut\u00e9 par deux chiens.<\/p>\n<p class=\"lead \">La presse a re\u00e7u consigne de ne citer aucun nom de magistrat ni m\u00eame d&rsquo;avocat, une mesure rarissime. L&rsquo;une des avocates de M. Bouguettaia a demand\u00e9 \u00e0 un dessinateur de presse de ne pas croquer son client de mani\u00e8re reconnaissable.<\/p>\n<p class=\"lead \">Les trois dossiers rejug\u00e9s \u00e0 Lille portent sur plusieurs saisies de coca\u00efne au port du Havre, pour un total de plus de 2 tonnes de drogue, rappelle un dossier de presse du parquet de Lille.<\/p>\n<p class=\"lead \">&#8211; R\u00e9tractation de t\u00e9moin &#8211;<\/p>\n<p class=\"lead \">Dans chacun de ces dossiers, les investigations ont permis d&rsquo;identifier Abdelkader Bouguettaia comme l&rsquo;un des principaux commanditaires de ces importations.<\/p>\n<p class=\"lead \">Dans l&rsquo;un des dossiers, portant sur la d\u00e9couverte de 141 kgs de coca\u00efne en f\u00e9vrier 2019, un t\u00e9moin a identifi\u00e9 \u00ab\u00a0deux commanditaires, dont Abdelkader Bouguettaia\u00a0\u00bb, avant de se r\u00e9tracter en 2021, selon le parquet. <\/p>\n<p class=\"lead \">\u00ab\u00a0Les enqu\u00eateurs ont \u00e9tabli qu&rsquo;Abdelkader Bouguettaia l&rsquo;avait contact\u00e9 via une messagerie crypt\u00e9e pour lui proposer une somme d&rsquo;argent substantielle en \u00e9change du retrait de ses accusations\u00a0\u00bb, pr\u00e9cise cette source.<\/p>\n<p class=\"lead \">Certaines de ces importations \u00e9taient effectu\u00e9es via \u00ab\u00a0des cargaisons l\u00e9gales de g\u00e9latines de boeuf et de lames de bois en provenance d&rsquo;Am\u00e9rique du Sud, notamment du Br\u00e9sil\u00a0\u00bb, ou encore \u00ab\u00a0dans un conteneur de miettes de thon sous vide en provenance d&rsquo;Equateur\u00a0\u00bb.<\/p>\n<p class=\"lead \">Un de ses collaborateurs pr\u00e9sum\u00e9s avait affirm\u00e9, lors d&rsquo;un interrogatoire dont l&rsquo;AFP a pu lire le proc\u00e8s-verbal, que M. Bouguettaia \u00e9tait associ\u00e9 avec un haut responsable de la distribution de coca\u00efne aux Pays-Bas et qu&rsquo;il g\u00e9rait la \u00ab\u00a0r\u00e9ception de la marchandise\u00a0\u00bb au Havre, ainsi qu&rsquo;\u00e0 Paris et \u00e0 Anvers, en Belgique.<\/p>\n<p class=\"lead \">M. Bouguettaia a en outre \u00e9t\u00e9 mis en examen en juin \u00e0 Paris, notamment pour \u00ab\u00a0importation de stup\u00e9fiants en bande organis\u00e9e en r\u00e9cidive\u00a0\u00bb dans une autre affaire, portant sur l&rsquo;importation d&rsquo;un conteneur contenant 2,5 tonnes de coca\u00efne arriv\u00e9 au Havre depuis la Colombie.<\/p>\n<p class=\"small font-weight-bold text-gray3 \"> publi\u00e9 le 15 d\u00e9cembre \u00e0 10h34, AFP<\/p>\n<p>                             Partager<\/p>\n","protected":false},"excerpt":{"rendered":"Le proc\u00e8s du narcotrafiquant pr\u00e9sum\u00e9 Abdelkader Bouguettaia, jug\u00e9 pour des importations de coca\u00efne de grande ampleur en France,&hellip;\n","protected":false},"author":2,"featured_media":600570,"comment_status":"","ping_status":"","sticky":false,"template":"","format":"standard","meta":{"footnotes":""},"categories":[2815],"tags":[1111,11,20712,3992,1777,674,1011,27,811,1307,12,4780,25],"class_list":{"0":"post-600569","1":"post","2":"type-post","3":"status-publish","4":"format-standard","5":"has-post-thumbnail","7":"category-lille","8":"tag-actu","9":"tag-actualites","10":"tag-cocane","11":"tag-drogues","12":"tag-eu","13":"tag-europe","14":"tag-fr","15":"tag-france","16":"tag-hauts-de-france","17":"tag-lille","18":"tag-news","19":"tag-procs","20":"tag-republique-francaise"},"share_on_mastodon":{"url":"https:\/\/pubeurope.com\/@fr\/115723115241461540","error":""},"_links":{"self":[{"href":"https:\/\/www.europesays.com\/fr\/wp-json\/wp\/v2\/posts\/600569","targetHints":{"allow":["GET"]}}],"collection":[{"href":"https:\/\/www.europesays.com\/fr\/wp-json\/wp\/v2\/posts"}],"about":[{"href":"https:\/\/www.europesays.com\/fr\/wp-json\/wp\/v2\/types\/post"}],"author":[{"embeddable":true,"href":"https:\/\/www.europesays.com\/fr\/wp-json\/wp\/v2\/users\/2"}],"replies":[{"embeddable":true,"href":"https:\/\/www.europesays.com\/fr\/wp-json\/wp\/v2\/comments?post=600569"}],"version-history":[{"count":0,"href":"https:\/\/www.europesays.com\/fr\/wp-json\/wp\/v2\/posts\/600569\/revisions"}],"wp:featuredmedia":[{"embeddable":true,"href":"https:\/\/www.europesays.com\/fr\/wp-json\/wp\/v2\/media\/600570"}],"wp:attachment":[{"href":"https:\/\/www.europesays.com\/fr\/wp-json\/wp\/v2\/media?parent=600569"}],"wp:term":[{"taxonomy":"category","embeddable":true,"href":"https:\/\/www.europesays.com\/fr\/wp-json\/wp\/v2\/categories?post=600569"},{"taxonomy":"post_tag","embeddable":true,"href":"https:\/\/www.europesays.com\/fr\/wp-json\/wp\/v2\/tags?post=600569"}],"curies":[{"name":"wp","href":"https:\/\/api.w.org\/{rel}","templated":true}]}}