{"id":600575,"date":"2025-12-15T10:31:13","date_gmt":"2025-12-15T10:31:13","guid":{"rendered":"https:\/\/www.europesays.com\/fr\/600575\/"},"modified":"2025-12-15T10:31:13","modified_gmt":"2025-12-15T10:31:13","slug":"bruno-bernard-rend-hommage-aux-victimes-en-ouverture-du-conseil-metropolitain","status":"publish","type":"post","link":"https:\/\/www.europesays.com\/fr\/600575\/","title":{"rendered":"Bruno Bernard rend hommage aux victimes en ouverture du conseil m\u00e9tropolitain"},"content":{"rendered":"<p itemprop=\"description\"><strong>Le pr\u00e9sident de la M\u00e9tropole de Lyon a ouvert le conseil m\u00e9tropolitain de lundi par une intervention solennelle, en r\u00e9action \u00e0 l\u2019attentat survenu \u00e0 Sydney, qui a fait 15 morts lors d\u2019un rassemblement de personnes de confession juive c\u00e9l\u00e9brant la premi\u00e8re soir\u00e9e de Hanoukkah.<\/strong><\/p>\n<p>Dans son allocution, <a href=\"https:\/\/www.lyonmag.com\/profil-personnalite-lyonnaise\/518\/bruno-bernard\" target=\"_blank\" rel=\"noopener\">Bruno Bernard<\/a> a \u00e9voqu\u00e9 les victimes, parmi lesquelles Alex Kleytman, survivant de la Shoah, ainsi qu\u2019un Fran\u00e7ais de 27 ans, Dan Alkayam. \u00ab\u00a0Nos pens\u00e9es les plus profondes vont \u00e0 leurs familles, \u00e0 leurs proches et \u00e0 toutes celles et ceux dont la vie a \u00e9t\u00e9 boulevers\u00e9e par cet acte de haine insens\u00e9\u00a0\u00bb, a-t-il d\u00e9clar\u00e9 devant l\u2019assembl\u00e9e.<\/p>\n<p>Le pr\u00e9sident de la M\u00e9tropole a soulign\u00e9 que cet attentat rappelle que \u00ab\u00a0l\u2019antis\u00e9mitisme n\u2019appartient pas au pass\u00e9\u00a0\u00bb et qu\u2019il \u00ab\u00a0continue de tuer, de terroriser et de fracturer nos soci\u00e9t\u00e9s\u00a0\u00bb. Il a insist\u00e9 sur le fait que \u00ab\u00a0rien ne peut justifier la haine ciblant des femmes et des hommes pour ce qu\u2019ils sont, pour leur foi, leur origine ou leur identit\u00e9 r\u00e9elle ou suppos\u00e9e\u00a0\u00bb.<\/p>\n<p>R\u00e9affirmant l\u2019engagement de la collectivit\u00e9, il a rappel\u00e9 que \u00ab\u00a0l\u2019antis\u00e9mitisme, comme toutes les formes de racisme, est une atteinte directe \u00e0 la dignit\u00e9 humaine et aux valeurs fondamentales de nos d\u00e9mocraties\u00a0\u00bb, appelant \u00e0 une responsabilit\u00e9 collective face \u00e0 ces violences.<\/p>\n<p>En conclusion de son intervention, le pr\u00e9sident de la M\u00e9tropole de Lyon a propos\u00e9 \u00e0 l\u2019ensemble des \u00e9lus et des personnes pr\u00e9sentes une minute de silence, \u00ab\u00a0en m\u00e9moire aux victimes\u00a0\u00bb, afin de marquer la solidarit\u00e9 de l\u2019institution avec la communaut\u00e9 juive, \u00e0 Sydney comme partout dans le monde.<\/p>\n","protected":false},"excerpt":{"rendered":"Le pr\u00e9sident de la M\u00e9tropole de Lyon a ouvert le conseil m\u00e9tropolitain de lundi par une intervention solennelle,&hellip;\n","protected":false},"author":2,"featured_media":600576,"comment_status":"","ping_status":"","sticky":false,"template":"","format":"standard","meta":{"footnotes":""},"categories":[1889],"tags":[1111,11,2813,2190,2430,1109,251,1112,2811,1777,674,118,1011,27,1922,1110,1114,2428,2810,12,241,316,25,2812,517,800],"class_list":{"0":"post-600575","1":"post","2":"type-post","3":"status-publish","4":"format-standard","5":"has-post-thumbnail","7":"category-lyon","8":"tag-actu","9":"tag-actualites","10":"tag-article","11":"tag-asvel","12":"tag-auvergne-rhone-alpes","13":"tag-breves","14":"tag-culture","15":"tag-depeches","16":"tag-economique","17":"tag-eu","18":"tag-europe","19":"tag-faits-divers","20":"tag-fr","21":"tag-france","22":"tag-info","23":"tag-informations","24":"tag-infos","25":"tag-lyon","26":"tag-lyonmag","27":"tag-news","28":"tag-ol","29":"tag-politique","30":"tag-republique-francaise","31":"tag-sociale","32":"tag-sport","33":"tag-transports"},"share_on_mastodon":{"url":"https:\/\/pubeurope.com\/@fr\/115723127071791173","error":""},"_links":{"self":[{"href":"https:\/\/www.europesays.com\/fr\/wp-json\/wp\/v2\/posts\/600575","targetHints":{"allow":["GET"]}}],"collection":[{"href":"https:\/\/www.europesays.com\/fr\/wp-json\/wp\/v2\/posts"}],"about":[{"href":"https:\/\/www.europesays.com\/fr\/wp-json\/wp\/v2\/types\/post"}],"author":[{"embeddable":true,"href":"https:\/\/www.europesays.com\/fr\/wp-json\/wp\/v2\/users\/2"}],"replies":[{"embeddable":true,"href":"https:\/\/www.europesays.com\/fr\/wp-json\/wp\/v2\/comments?post=600575"}],"version-history":[{"count":0,"href":"https:\/\/www.europesays.com\/fr\/wp-json\/wp\/v2\/posts\/600575\/revisions"}],"wp:featuredmedia":[{"embeddable":true,"href":"https:\/\/www.europesays.com\/fr\/wp-json\/wp\/v2\/media\/600576"}],"wp:attachment":[{"href":"https:\/\/www.europesays.com\/fr\/wp-json\/wp\/v2\/media?parent=600575"}],"wp:term":[{"taxonomy":"category","embeddable":true,"href":"https:\/\/www.europesays.com\/fr\/wp-json\/wp\/v2\/categories?post=600575"},{"taxonomy":"post_tag","embeddable":true,"href":"https:\/\/www.europesays.com\/fr\/wp-json\/wp\/v2\/tags?post=600575"}],"curies":[{"name":"wp","href":"https:\/\/api.w.org\/{rel}","templated":true}]}}