{"id":600583,"date":"2025-12-15T10:37:16","date_gmt":"2025-12-15T10:37:16","guid":{"rendered":"https:\/\/www.europesays.com\/fr\/600583\/"},"modified":"2025-12-15T10:37:16","modified_gmt":"2025-12-15T10:37:16","slug":"bientot-un-arc-de-triomphe-a-washington-trump-assure-quil-depassera-en-tout-celui-de-paris","status":"publish","type":"post","link":"https:\/\/www.europesays.com\/fr\/600583\/","title":{"rendered":"Bient\u00f4t un Arc de Triomphe \u00e0 Washington, Trump assure qu&rsquo;il d\u00e9passera \u00ab\u00a0en tout\u00a0\u00bb celui de Paris"},"content":{"rendered":"<ul class=\"jsx-862013697 ArticleChapo__List\">\n<li class=\"jsx-862013697 ArticleChapo__List_Item flex\">Donald Trump a confirm\u00e9 ce lundi qu&rsquo;il avait ordonn\u00e9 la construction d&rsquo;un arc de triomphe \u00e0 Washington.<\/li>\n<li class=\"jsx-862013697 ArticleChapo__List_Item flex\">L&rsquo;ouvrage prendra place en face du m\u00e9morial d\u00e9di\u00e9 \u00e0 Abraham Lincoln.<\/li>\n<li class=\"jsx-862013697 ArticleChapo__List_Item flex\">Il d\u00e9passera \u00ab\u00a0en tout\u00a0\u00bb celui de Paris, a \u00e9galement pr\u00e9cis\u00e9 le pr\u00e9sident des \u00c9tats-Unis.<\/li>\n<\/ul>\n<p><a href=\"https:\/\/www.tf1info.fr\/actualite\/etats-unis-election-presidentielle-americaine-2024-donald-trump-vs-kamala-harris-13534\/\" rel=\"noopener\" class=\"jsx-484472199 Link jsx-1428418400 jsx-554215408\" target=\"_blank\"><\/p>\n<p style=\"font-weight:400\" class=\"jsx-1837267516\">Suivez la couverture compl\u00e8te<\/p>\n<p style=\"font-weight:800\" class=\"jsx-1837267516\">Le second mandat de Donald Trump<\/p>\n<p><\/a><\/p>\n<p data-module=\"article-paragraph\" class=\"jsx-3046738180 Paragraph\">La folie des grandeurs ? Le pr\u00e9sident des \u00c9tats-Unis Donald Trump a confirm\u00e9 lors d&rsquo;une d\u00e9claration faite depuis la Maison Blanche dimanche 14 d\u00e9cembre qu&rsquo;il avait ordonn\u00e9 la construction d&rsquo;un arc de triomphe dans la capitale am\u00e9ricaine Washington. \u00ab\u00a0J&rsquo;ai confi\u00e9 \u00e0 Vince (Haley, responsable de la politique int\u00e9rieure, ndlr) la responsabilit\u00e9 de l&rsquo;arc de triomphe. Nous construisons un arc semblable \u00e0 l&rsquo;Arc de Triomphe\u00a0\u00bb parisien, a d\u00e9clar\u00e9 le chef de l&rsquo;\u00c9tat.\u00a0<\/p>\n<p data-module=\"article-paragraph\" class=\"jsx-3046738180 Paragraph Paragraph__End\">Donald Trump a pr\u00e9cis\u00e9 que celui-ci serait situ\u00e9 pr\u00e8s du pont Arlington, en face du m\u00e9morial Lincoln, construit en l&rsquo;honneur du 16\u1d49\u00a0pr\u00e9sident des \u00c9tats-Unis il y a un peu plus de 100 ans.<\/p>\n<p data-module=\"article-paragraph\" class=\"jsx-3046738180 Paragraph Paragraph__End\">\u00ab\u00a0Washington est la seule ville du monde de cette importance qui n\u2019a pas d\u2019arc de triomphe\u00a0\u00bb, a constat\u00e9 Donald Trump. \u00ab\u00a0Celui que les gens connaissent le plus est celui de Paris, en France. Mais nous allons le d\u00e9passer, et de beaucoup je crois\u00a0\u00bb, a-t-il ajout\u00e9. Le pr\u00e9sident des \u00c9tats-Unis n&rsquo;a en effet pas pu s&#8217;emp\u00eacher d&rsquo;adresser quelques critiques \u00e0 la France, assurant que son arc de triomphe \u00ab\u00a0sera bien meilleur\u00a0\u00bb que celui qui se situe en haut de l&rsquo;avenue des Champs-\u00c9lys\u00e9es \u00e0 Paris. \u00ab\u00a0Il le d\u00e9passe en tout.\u00a0\u00bb<\/p>\n<p>Un arc avec colonnes et sculptures d&rsquo;aigles<\/p>\n<p data-module=\"article-paragraph\" class=\"jsx-3046738180 Paragraph Paragraph__End\">Au mois de novembre dernier, l&rsquo;AFP avait publi\u00e9 une d\u00e9p\u00eache indiquant qu&rsquo;au cours d&rsquo;une r\u00e9union \u00e0 la Maison Blanche ses journalistes avaient aper\u00e7u sur le bureau de Donald Trump une maquette d&rsquo;un arc de triomphe. Il \u00e9tait \u00e9crit que le plan en 3D de l&rsquo;ouvrage montrait une grande arche blanche surmont\u00e9e de statues, plac\u00e9e sur un rond-point au bord du fleuve Potomac, sur la rive oppos\u00e9e au Lincoln Memorial, \u00e0 proximit\u00e9 du cimeti\u00e8re militaire d&rsquo;Arlington. \u00ab\u00a0\u00c0 c\u00f4t\u00e9 de la maquette est pos\u00e9 un autre mod\u00e8le r\u00e9duit d&rsquo;Arc de Triomphe, de plus grande taille, ce qui permet de distinguer les d\u00e9tails, en particulier des colonnes ainsi que des sculptures d&rsquo;aigles pos\u00e9es sur le sommet, encadrant une statue dor\u00e9e aux ailes d\u00e9ploy\u00e9es, qui brandit une torche\u00a0\u00bb, lisait-on encore.\u00a0<\/p>\n<p><a href=\"https:\/\/www.tf1info.fr\/international\/c-est-terrible-donald-trump-detruit-l-aile-est-de-la-maison-blanche-pour-en-faire-une-salle-de-bal-2402695.html\" rel=\"noopener\" class=\"jsx-3308031228 Link flex\" target=\"_blank\"><img decoding=\"async\" src=\"https:\/\/www.europesays.com\/fr\/wp-content\/uploads\/2025\/12\/maison-blanche-2233-68753d-3@1x.jpeg\" alt=\"Getty Images\" loading=\"lazy\" importance=\"low\" fetchpriority=\"low\" class=\"\" aria-hidden=\"true\"\/><\/p>\n<p class=\"jsx-3657663356 ReadMoreArticle__Title\">Lire aussi<\/p>\n<p class=\"jsx-3657663356\">\u00ab\u00a0C&rsquo;est terrible\u00a0\u00bb : Donald Trump d\u00e9truit l&rsquo;aile est de la Maison Blanche pour en faire une salle de bal<\/p>\n<p><\/a><\/p>\n<p data-module=\"article-paragraph\" class=\"jsx-3046738180 Paragraph Paragraph__End\">Avec cette nouvelle construction, Donald Trump poursuit son entreprise de transformation de la capitale am\u00e9ricaine et de la Maison Blanche. Il a par exemple couvert les murs du Bureau ovale, une pi\u00e8ce plut\u00f4t d\u00e9pouill\u00e9e auparavant, d&rsquo;ornements dor\u00e9s. Il fait aussi construire une immense salle de bal \u00e0 c\u00f4t\u00e9 de la Maison Blanche. Le dirigeant r\u00e9publicain a sign\u00e9 fin ao\u00fbt un d\u00e9cret afin de promouvoir l&rsquo;architecture \u00ab\u00a0classique\u00a0\u00bb, inspir\u00e9e de la Rome et de la Gr\u00e8ce antiques. Il a aussi exprim\u00e9 \u00e0 plusieurs reprises sa volont\u00e9 de c\u00e9l\u00e9brer davantage la puissance et les victoires militaires des \u00c9tats-Unis.<\/p>\n<p>J.F.<\/p>\n","protected":false},"excerpt":{"rendered":"Donald Trump a confirm\u00e9 ce lundi qu&rsquo;il avait ordonn\u00e9 la construction d&rsquo;un arc de triomphe \u00e0 Washington. L&rsquo;ouvrage&hellip;\n","protected":false},"author":2,"featured_media":600584,"comment_status":"","ping_status":"","sticky":false,"template":"","format":"standard","meta":{"footnotes":""},"categories":[1888],"tags":[1111,1928,11,1927,1921,75,73,1777,674,1011,27,1922,2497,12,1926,626,1925,25,133,1920],"class_list":{"0":"post-600583","1":"post","2":"type-post","3":"status-publish","4":"format-standard","5":"has-post-thumbnail","7":"category-paris","8":"tag-actu","9":"tag-actu-paris","10":"tag-actualites","11":"tag-actualites-paris","12":"tag-article-video","13":"tag-donald-trump","14":"tag-etats-unis","15":"tag-eu","16":"tag-europe","17":"tag-fr","18":"tag-france","19":"tag-info","20":"tag-le-second-mandat-de-donald-trump","21":"tag-news","22":"tag-news-paris","23":"tag-paris","24":"tag-paris-news","25":"tag-republique-francaise","26":"tag-video","27":"tag-video-international"},"share_on_mastodon":{"url":"https:\/\/pubeurope.com\/@fr\/115723151536767850","error":""},"_links":{"self":[{"href":"https:\/\/www.europesays.com\/fr\/wp-json\/wp\/v2\/posts\/600583","targetHints":{"allow":["GET"]}}],"collection":[{"href":"https:\/\/www.europesays.com\/fr\/wp-json\/wp\/v2\/posts"}],"about":[{"href":"https:\/\/www.europesays.com\/fr\/wp-json\/wp\/v2\/types\/post"}],"author":[{"embeddable":true,"href":"https:\/\/www.europesays.com\/fr\/wp-json\/wp\/v2\/users\/2"}],"replies":[{"embeddable":true,"href":"https:\/\/www.europesays.com\/fr\/wp-json\/wp\/v2\/comments?post=600583"}],"version-history":[{"count":0,"href":"https:\/\/www.europesays.com\/fr\/wp-json\/wp\/v2\/posts\/600583\/revisions"}],"wp:featuredmedia":[{"embeddable":true,"href":"https:\/\/www.europesays.com\/fr\/wp-json\/wp\/v2\/media\/600584"}],"wp:attachment":[{"href":"https:\/\/www.europesays.com\/fr\/wp-json\/wp\/v2\/media?parent=600583"}],"wp:term":[{"taxonomy":"category","embeddable":true,"href":"https:\/\/www.europesays.com\/fr\/wp-json\/wp\/v2\/categories?post=600583"},{"taxonomy":"post_tag","embeddable":true,"href":"https:\/\/www.europesays.com\/fr\/wp-json\/wp\/v2\/tags?post=600583"}],"curies":[{"name":"wp","href":"https:\/\/api.w.org\/{rel}","templated":true}]}}