{"id":600590,"date":"2025-12-15T10:41:13","date_gmt":"2025-12-15T10:41:13","guid":{"rendered":"https:\/\/www.europesays.com\/fr\/600590\/"},"modified":"2025-12-15T10:41:13","modified_gmt":"2025-12-15T10:41:13","slug":"ukraine-les-pourparlers-de-paix-se-poursuivent-debut-de-semaine-cruciale-pour-leurope-15-12-2025-a-1121","status":"publish","type":"post","link":"https:\/\/www.europesays.com\/fr\/600590\/","title":{"rendered":"Ukraine-Les pourparlers de paix se poursuivent, d\u00e9but de semaine cruciale pour l&rsquo;Europe &#8211; 15\/12\/2025 \u00e0 11:21"},"content":{"rendered":"<p>\n par Andreas Rinke\n<\/p>\n<p>\n Le pr\u00e9sident ukrainien<br \/>\nVolodimir Zelensky va reprendre le fil des discussions avec<br \/>\nl&rsquo;\u00e9missaire am\u00e9ricain Steve Witkoff \u00e0 Berlin lundi, \u00e0 l&rsquo;heure o\u00f9<br \/>\nWashington fait \u00e9tat de progr\u00e8s r\u00e9alis\u00e9s pour mettre fin \u00e0 la<br \/>\nguerre en Ukraine.\n<\/p>\n<p>\n Volodimir Zelensky doit s&rsquo;entretenir avec Steve Witkoff et<br \/>\nle gendre de Donald Trump, Jared Kushner, ainsi que plusieurs<br \/>\ndirigeants europ\u00e9ens, apr\u00e8s une premi\u00e8re salve de n\u00e9gociations<br \/>\nqui ont dur\u00e9 cinq heures dimanche.\n<\/p>\n<p>\n A cette occasion, la partie ukrainienne s&rsquo;est dite dispos\u00e9e<br \/>\n\u00e0 renoncer \u00e0 son ambition de rejoindre l&rsquo;Otan en \u00e9change de<br \/>\ngaranties de s\u00e9curit\u00e9 de la part de ses alli\u00e9s occidentaux.\n<\/p>\n<p>\n Cependant, l&rsquo;\u00e9tat d&rsquo;avancement des discussions sur ce sujet<br \/>\net d&rsquo;autres questions cruciales, comme l&rsquo;avenir des territoires<br \/>\nukrainiens contest\u00e9s, n&rsquo;\u00e9tait pas clair dans l&rsquo;imm\u00e9diat.\n<\/p>\n<p>\n Ces discussions se tiennent alors que s&rsquo;ouvre une semaine<br \/>\ncruciale pour l&rsquo;Europe avec un sommet de l&rsquo;Union europ\u00e9enne (UE)<br \/>\nqui doit se tenir jeudi lors duquel le bloc doit se prononcer<br \/>\nsur une aide massive \u00e0 l&rsquo;Ukraine reposant sur les avoirs gel\u00e9s<br \/>\nrusses.\n<\/p>\n<p>\n Les Vingt-Sept, qui ont \u00e9t\u00e9 la cible de critiques sur leur<br \/>\npolitique migratoire, la s\u00e9curit\u00e9 et la r\u00e9gulation des g\u00e9ants de<br \/>\nla \u00ab\u00a0tech\u00a0\u00bb de la part de Donald Trump, ont pein\u00e9 \u00e0 trouver une<br \/>\nr\u00e9ponse commune.\n<\/p>\n<p>\n Les ministres des Affaires \u00e9trang\u00e8res de l&rsquo;UE doivent par<br \/>\nailleurs se prononcer lundi sur de nouvelles sanctions contre la<br \/>\nRussie.\n<\/p>\n<p>\n \u00ab\u00a0Nous continuerons de tout faire pour assurer \u00e0 l&rsquo;Ukraine la<br \/>\nmeilleure position possible lors des n\u00e9gociations, et en cas<br \/>\nd&rsquo;\u00e9chec, qu&rsquo;elle poss\u00e8de toutes les armes pour r\u00e9pondre \u00e0 cette<br \/>\nguerre d&rsquo;agression\u00a0\u00bb, a d\u00e9clar\u00e9 le ministre allemand des Affaires<br \/>\n\u00e9trang\u00e8res Johann Wadephul sur la radio Deutschlandfunk.\n<\/p>\n<p>\n \u00ab\u00a0MOMENT CRITIQUE\u00a0\u00bb\n<\/p>\n<p>\n Le pr\u00e9sident finlandais Alexander Stubb, \u00e9troitement<br \/>\nimpliqu\u00e9 dans les n\u00e9gociations de paix et qui s&rsquo;entretenait dans<br \/>\nla matin\u00e9e avec son homologue ukrainien, a averti que l&rsquo;heure<br \/>\n\u00e9tait d\u00e9cisive.\n<\/p>\n<p>\n \u00ab\u00a0Je pense que nous sommes \u00e0 un moment critique dans les<br \/>\nn\u00e9gociations de paix. Et qu&rsquo;en m\u00eame temps, nous sommes plus<br \/>\nproches que nous ne l&rsquo;avons jamais \u00e9t\u00e9 ces quatre derni\u00e8res<br \/>\nann\u00e9es d&rsquo;un accord de paix\u00a0\u00bb, a-t-il d\u00e9clar\u00e9 au micro de<br \/>\nl&rsquo;\u00e9mission n\u00e9erlandaise Buitenhof dimanche.\n<\/p>\n<p>\n Alexander Stubb a pr\u00e9cis\u00e9 que les deux parties travaillaient<br \/>\nsur trois documents principaux : le cadre d&rsquo;un plan de paix en<br \/>\n20 points, un document relatif aux garanties de s\u00e9curit\u00e9 pour<br \/>\nl&rsquo;Ukraine et un troisi\u00e8me sur la reconstruction du pays.\n<\/p>\n<p>\n \u00ab\u00a0Nous examinons donc les d\u00e9tails ensemble avec les<br \/>\nAm\u00e9ricains, les Europ\u00e9ens et les Ukrainiens\u00a0\u00bb, a-t-il ajout\u00e9.\n<\/p>\n<p>\n La Russie exige de l&rsquo;Ukraine qu&rsquo;elle renonce \u00e0 une adh\u00e9sion<br \/>\n\u00e0 l&rsquo;Otan et retire ses troupes des territoires qu&rsquo;elle<br \/>\nrevendique dans le Donbass. Moscou exige \u00e9galement que Kyiv<br \/>\ndemeure un pays neutre et refuse la pr\u00e9sence de soldats de<br \/>\nl&rsquo;Otan sur le sol ukrainien.\n<\/p>\n<p>\n Des sources russes ont rapport\u00e9 plus t\u00f4t cette ann\u00e9e que<br \/>\nVladimir Poutine avait demand\u00e9 des promesses \u00ab\u00a0\u00e9crites\u00a0\u00bb de la<br \/>\npart des puissances europ\u00e9ennes sur un non-\u00e9largissement de<br \/>\nl&rsquo;alliance militaire \u00e0 l&rsquo;est de l&rsquo;Europe\n<\/p>\n<p>\n La haute repr\u00e9sentante de l&rsquo;UE pour les Affaires \u00e9trang\u00e8res,<br \/>\nKaja Kallas, a pr\u00e9venu lundi que la prise de contr\u00f4le de la<br \/>\nr\u00e9gion du Donbass \u00ab\u00a0n&rsquo;\u00e9tait pas la finalit\u00e9\u00a0\u00bb de Vladimir Poutine.\n<\/p>\n<p>\n (Reportage dAndreas Rinke, Anne Kauranen, Olena Harmash et Lili<br \/>\nBayer, r\u00e9dig\u00e9 par Matthias Williams ; version fran\u00e7aise Zhifan<br \/>\nLiu, \u00e9dit\u00e9 par Kate Entringer)<\/p>\n","protected":false},"excerpt":{"rendered":"par Andreas Rinke Le pr\u00e9sident ukrainien Volodimir Zelensky va reprendre le fil des discussions avec l&rsquo;\u00e9missaire am\u00e9ricain Steve&hellip;\n","protected":false},"author":2,"featured_media":2486,"comment_status":"","ping_status":"","sticky":false,"template":"","format":"standard","meta":{"footnotes":""},"categories":[1590],"tags":[400,11,398,408,405,1777,674,403,402,399,404,12,401,406,220,407],"class_list":{"0":"post-600590","1":"post","2":"type-post","3":"status-publish","4":"format-standard","5":"has-post-thumbnail","7":"category-ukraine","8":"tag-action-cac-40","9":"tag-actualites","10":"tag-bourse-de-paris","11":"tag-boursorama","12":"tag-cotations","13":"tag-eu","14":"tag-europe","15":"tag-indices-devises","16":"tag-investir","17":"tag-investissement","18":"tag-marche-boursier","19":"tag-news","20":"tag-sicav","21":"tag-trackers","22":"tag-ukraine","23":"tag-warrants"},"share_on_mastodon":{"url":"https:\/\/pubeurope.com\/@fr\/115723166327586053","error":""},"_links":{"self":[{"href":"https:\/\/www.europesays.com\/fr\/wp-json\/wp\/v2\/posts\/600590","targetHints":{"allow":["GET"]}}],"collection":[{"href":"https:\/\/www.europesays.com\/fr\/wp-json\/wp\/v2\/posts"}],"about":[{"href":"https:\/\/www.europesays.com\/fr\/wp-json\/wp\/v2\/types\/post"}],"author":[{"embeddable":true,"href":"https:\/\/www.europesays.com\/fr\/wp-json\/wp\/v2\/users\/2"}],"replies":[{"embeddable":true,"href":"https:\/\/www.europesays.com\/fr\/wp-json\/wp\/v2\/comments?post=600590"}],"version-history":[{"count":0,"href":"https:\/\/www.europesays.com\/fr\/wp-json\/wp\/v2\/posts\/600590\/revisions"}],"wp:featuredmedia":[{"embeddable":true,"href":"https:\/\/www.europesays.com\/fr\/wp-json\/wp\/v2\/media\/2486"}],"wp:attachment":[{"href":"https:\/\/www.europesays.com\/fr\/wp-json\/wp\/v2\/media?parent=600590"}],"wp:term":[{"taxonomy":"category","embeddable":true,"href":"https:\/\/www.europesays.com\/fr\/wp-json\/wp\/v2\/categories?post=600590"},{"taxonomy":"post_tag","embeddable":true,"href":"https:\/\/www.europesays.com\/fr\/wp-json\/wp\/v2\/tags?post=600590"}],"curies":[{"name":"wp","href":"https:\/\/api.w.org\/{rel}","templated":true}]}}