{"id":600605,"date":"2025-12-15T10:54:12","date_gmt":"2025-12-15T10:54:12","guid":{"rendered":"https:\/\/www.europesays.com\/fr\/600605\/"},"modified":"2025-12-15T10:54:12","modified_gmt":"2025-12-15T10:54:12","slug":"rugby-a-xv-franck-azema-tres-proche-du-poste-de-selectionneur-de-la-georgie","status":"publish","type":"post","link":"https:\/\/www.europesays.com\/fr\/600605\/","title":{"rendered":"Rugby \u00e0 XV\u00a0: Franck Az\u00e9ma tr\u00e8s proche du poste de s\u00e9lectionneur de la G\u00e9orgie"},"content":{"rendered":"<p>\n                                                                L\u2019ancien manager de l\u2019USAP est en passe de devenir le nouveau patron du sportif de la s\u00e9lection g\u00e9orgienne apr\u00e8s le d\u00e9part ce lundi matin de Richard Cockerill.\n                            <\/p>\n<p>Le technicien catalan de 54 ans ne sera pas rest\u00e9 longtemps sans poste. Sans surprise, l\u2019Anglais Richard Cockerill qui a permis aux Lelos de remporter deux fois le Rugby Europe Championship et de s\u2019imposer au Japon (25-23) en juillet\u00a02024 at \u00e9t\u00e9 demis de ses fonctions ce lundi 15\u00a0d\u00e9cembre 2025.<\/p>\n<p>Ce dimanche soir, le quotidien l\u2019\u00c9quipe a d\u00e9voil\u00e9 que Franck Az\u00e9ma \u00e9tait pressenti pour occuper le poste \u00e0 deux ans de la Coupe du monde\u00a0en Australie pour laquelle la G\u00e9orgie d\u00e9fiera l\u2019Afrique du Sud, l\u2019Italie et la Roumanie en poules. Franck Az\u00e9ma et l\u2019USAP ont trouv\u00e9 un accord pour mettre un terme \u00e0 leur collaboration apr\u00e8s la d\u00e9faite des Catalans \u00e0 Montauban 29-22 le 25\u00a0octobre dernier. Un d\u00e9part pr\u00e9cipit\u00e9 par les r\u00e9sultats et apr\u00e8s le d\u00e9part de ses deux proches David Marty et G\u00e9rald Bastide. Az\u00e9ma s\u2019est rapidement mis en qu\u00eate d\u2019une nouvelle \u00e9tape dans sa carri\u00e8re et c\u2019est la G\u00e9orgie qui semble remplir tous les crit\u00e8res pour l\u2019ancien manager de l\u2019ASM.<\/p>\n","protected":false},"excerpt":{"rendered":"L\u2019ancien manager de l\u2019USAP est en passe de devenir le nouveau patron du sportif de la s\u00e9lection g\u00e9orgienne&hellip;\n","protected":false},"author":2,"featured_media":600606,"comment_status":"","ping_status":"","sticky":false,"template":"","format":"standard","meta":{"footnotes":""},"categories":[1416],"tags":[1011,27,3464,11548,479,1468,68796,517,60],"class_list":{"0":"post-600605","1":"post","2":"type-post","3":"status-publish","4":"format-standard","5":"has-post-thumbnail","7":"category-rugby","8":"tag-fr","9":"tag-france","10":"tag-perpignan","11":"tag-pyrenees-orientales","12":"tag-rugby","13":"tag-rugby-football","14":"tag-rugby-u00e0-xv","15":"tag-sport","16":"tag-sports"},"share_on_mastodon":{"url":"https:\/\/pubeurope.com\/@fr\/115723217515384708","error":""},"_links":{"self":[{"href":"https:\/\/www.europesays.com\/fr\/wp-json\/wp\/v2\/posts\/600605","targetHints":{"allow":["GET"]}}],"collection":[{"href":"https:\/\/www.europesays.com\/fr\/wp-json\/wp\/v2\/posts"}],"about":[{"href":"https:\/\/www.europesays.com\/fr\/wp-json\/wp\/v2\/types\/post"}],"author":[{"embeddable":true,"href":"https:\/\/www.europesays.com\/fr\/wp-json\/wp\/v2\/users\/2"}],"replies":[{"embeddable":true,"href":"https:\/\/www.europesays.com\/fr\/wp-json\/wp\/v2\/comments?post=600605"}],"version-history":[{"count":0,"href":"https:\/\/www.europesays.com\/fr\/wp-json\/wp\/v2\/posts\/600605\/revisions"}],"wp:featuredmedia":[{"embeddable":true,"href":"https:\/\/www.europesays.com\/fr\/wp-json\/wp\/v2\/media\/600606"}],"wp:attachment":[{"href":"https:\/\/www.europesays.com\/fr\/wp-json\/wp\/v2\/media?parent=600605"}],"wp:term":[{"taxonomy":"category","embeddable":true,"href":"https:\/\/www.europesays.com\/fr\/wp-json\/wp\/v2\/categories?post=600605"},{"taxonomy":"post_tag","embeddable":true,"href":"https:\/\/www.europesays.com\/fr\/wp-json\/wp\/v2\/tags?post=600605"}],"curies":[{"name":"wp","href":"https:\/\/api.w.org\/{rel}","templated":true}]}}