{"id":600611,"date":"2025-12-15T11:00:14","date_gmt":"2025-12-15T11:00:14","guid":{"rendered":"https:\/\/www.europesays.com\/fr\/600611\/"},"modified":"2025-12-15T11:00:14","modified_gmt":"2025-12-15T11:00:14","slug":"mercato-le-tfc-prepare-une-arrivee-ciblee-pour-cet-hiver-lesviolets-com","status":"publish","type":"post","link":"https:\/\/www.europesays.com\/fr\/600611\/","title":{"rendered":"Mercato : le TFC pr\u00e9pare une arriv\u00e9e cibl\u00e9e pour cet hiver &#8211; LesViolets.Com"},"content":{"rendered":"<ol>\n<li><a href=\"https:\/\/news.google.com\/rss\/articles\/CBMioAFBVV95cUxOak8zeDU4YkRTWFE2X0YyeVFtY1ZuY05PNXRqQmV4LU9zQ0gyMjFha1RXVWtlZzZQa3N1Tk4wdmszSzA0dHNmVDY1ejZweU5SeFFuT0hmSGhYb0FWTThnZUNKMWVWWG9aYjZISmdWOW5WSmRjQ1ZCNi12eGxrRU8xNGZDNkthN0VzanRRVFA2R3dRQmI3YWw2WGxNYjRSTVBB?oc=5\" target=\"_blank\" rel=\"noopener\">Mercato : le TFC pr\u00e9pare une arriv\u00e9e cibl\u00e9e pour cet hiver<\/a>&nbsp;&nbsp;LesViolets.Com<\/li>\n<li><a href=\"https:\/\/news.google.com\/rss\/articles\/CBMi0AFBVV95cUxNZkZfZzRxek52ZXRqRXpCei1RR0ZkMHA4dDJYMi10M0VOZXVTZGpMVHNtcl9OUXlNeEpWcE55RHI4eFk4WmVHQjA0QnFUTVZlY282MmZNOTI4RXhYb2JJdGQwbGJuOXBueDU4OFZrcnJIb3dVemNrLXZZT2NUVGZrak0wc29tRHl5Q3ZtVUhfRUM2SjQtb2tCdEh1SndtaTZmR0pMUU5hUUdNbGlCQm1hRXE2U3lWX1N4eTJzZ2N2YVQyS0NLa1VpTDdiaDNJdFN1?oc=5\" target=\"_blank\" rel=\"noopener\">MERCATO. TFC : 8 et 9, num\u00e9ros gagnants\u2026 Deux arriv\u00e9es dans les rangs toulousains cet hiver<\/a>&nbsp;&nbsp;ladepeche.fr<\/li>\n<li><a href=\"https:\/\/news.google.com\/rss\/articles\/CBMisAFBVV95cUxOM2RXN1pIb2xBWmNVbjlUSmV3ZVJWbTQyWFNYeXY5NmdMY0Q2c0Y5eTlMTGVWN1ItRldDaHR6bkVEQ1JpNEtLTUtfRkRkclYyRWlWejVDOWMxd0JTeGNpdFp3ZFF3Y3FsVExXem4tcmRWUEtyeGJjQjhkTGRNR1JWQ2dYUTNXNUtGeURmTFphcVJLaHVMNEVZTW15OUF6eVpQZHlDc2U5N1FXSmFjbWtncQ?oc=5\" target=\"_blank\" rel=\"noopener\">Le top 8 et un Colombien au mercato ? Les 7 infos sur le TFC \u00e0 retenir<\/a>&nbsp;&nbsp;LesViolets.Com<\/li>\n<li><a href=\"https:\/\/news.google.com\/rss\/articles\/CBMiogFBVV95cUxPMkdQVW01QWZoVDBTSGZIVTZBdV9oVnllUC1Ia2QwNHd5VmYtMzJ0QV9oWm52X3RycTJEZTFsZHRpdFRwLXZleWQ1NkJLVk1xNGVadjdkcngxU3B6VF9aLW1paEJtMWNJUU1VaC1QTmozdjA3VVpmeXRNM0JWTklHLWpmRlNOOHBVb2c0TEtORkV5Qk94VkxZYkpNNjl6SllyQ3c?oc=5\" target=\"_blank\" rel=\"noopener\">Transferts : la p\u00e9pite colombienne Juan Arizala attendue \u00e0 Toulouse<\/a>&nbsp;&nbsp;Le Quotidien du Sport<\/li>\n<li><a href=\"https:\/\/news.google.com\/rss\/articles\/CBMisgFBVV95cUxQS1pSakxWYlRscXFLM0NlcHJXMmhsUjFNQV8wOXhUUVQ5VW1sY1VsSkl3Vi1tZWpUMVlIMmw5RmR1VmJIdEsxUUdrc0hoM0M5TWpmTXh3QWh1ZzFlbUNiWDFLZk9qN2RrVVRwa0tOc2hIRmNaaHZ4R3hJM0prWmdFbGJhalBiSU5mMTJUazVYb3VfaWFvMk00LUFNcXZPRnhkNVFCcGR1bFR0QVF3VlBZQmtB?oc=5\" target=\"_blank\" rel=\"noopener\">Les Violets On Fire : Arizala pr\u00eat\u00e9 par l\u2019AC Milan au TFC, pour ou contre ?<\/a>&nbsp;&nbsp;LesViolets.Com<\/li>\n<\/ol>\n","protected":false},"excerpt":{"rendered":"Mercato : le TFC pr\u00e9pare une arriv\u00e9e cibl\u00e9e pour cet hiver&nbsp;&nbsp;LesViolets.Com MERCATO. TFC : 8 et 9, num\u00e9ros&hellip;\n","protected":false},"author":2,"featured_media":600612,"comment_status":"","ping_status":"","sticky":false,"template":"","format":"standard","meta":{"footnotes":""},"categories":[1410],"tags":[63,1011,27,60],"class_list":{"0":"post-600611","1":"post","2":"type-post","3":"status-publish","4":"format-standard","5":"has-post-thumbnail","7":"category-football","8":"tag-football","9":"tag-fr","10":"tag-france","11":"tag-sports"},"share_on_mastodon":{"url":"https:\/\/pubeurope.com\/@fr\/115723241103930627","error":""},"_links":{"self":[{"href":"https:\/\/www.europesays.com\/fr\/wp-json\/wp\/v2\/posts\/600611","targetHints":{"allow":["GET"]}}],"collection":[{"href":"https:\/\/www.europesays.com\/fr\/wp-json\/wp\/v2\/posts"}],"about":[{"href":"https:\/\/www.europesays.com\/fr\/wp-json\/wp\/v2\/types\/post"}],"author":[{"embeddable":true,"href":"https:\/\/www.europesays.com\/fr\/wp-json\/wp\/v2\/users\/2"}],"replies":[{"embeddable":true,"href":"https:\/\/www.europesays.com\/fr\/wp-json\/wp\/v2\/comments?post=600611"}],"version-history":[{"count":0,"href":"https:\/\/www.europesays.com\/fr\/wp-json\/wp\/v2\/posts\/600611\/revisions"}],"wp:featuredmedia":[{"embeddable":true,"href":"https:\/\/www.europesays.com\/fr\/wp-json\/wp\/v2\/media\/600612"}],"wp:attachment":[{"href":"https:\/\/www.europesays.com\/fr\/wp-json\/wp\/v2\/media?parent=600611"}],"wp:term":[{"taxonomy":"category","embeddable":true,"href":"https:\/\/www.europesays.com\/fr\/wp-json\/wp\/v2\/categories?post=600611"},{"taxonomy":"post_tag","embeddable":true,"href":"https:\/\/www.europesays.com\/fr\/wp-json\/wp\/v2\/tags?post=600611"}],"curies":[{"name":"wp","href":"https:\/\/api.w.org\/{rel}","templated":true}]}}