{"id":600615,"date":"2025-12-15T11:02:20","date_gmt":"2025-12-15T11:02:20","guid":{"rendered":"https:\/\/www.europesays.com\/fr\/600615\/"},"modified":"2025-12-15T11:02:20","modified_gmt":"2025-12-15T11:02:20","slug":"musee-du-louvre-une-greve-reconductible-votee-a-lunanimite-par-le-personnel","status":"publish","type":"post","link":"https:\/\/www.europesays.com\/fr\/600615\/","title":{"rendered":"Mus\u00e9e du Louvre : une \u00ab\u00a0gr\u00e8ve reconductible\u00a0\u00bb vot\u00e9e \u00ab\u00a0\u00e0 l&rsquo;unanimit\u00e9\u00a0\u00bb par le personnel"},"content":{"rendered":"<ul class=\"jsx-862013697 ArticleChapo__List\">\n<li class=\"jsx-862013697 ArticleChapo__List_Item flex\">Ce lundi matin, les personnels du mus\u00e9e du Louvre ont vot\u00e9 \u00ab\u00a0\u00e0 l&rsquo;unanimit\u00e9\u00a0\u00bb pour d\u00e9buter une \u00ab\u00a0gr\u00e8ve reconductible\u00a0\u00bb.<\/li>\n<li class=\"jsx-862013697 ArticleChapo__List_Item flex\">L&rsquo;\u00e9tablissement, qui est rest\u00e9 ferm\u00e9 ce matin, doit d\u00e9sormais recenser les agents non-gr\u00e9vistes pour d\u00e9terminer s&rsquo;il ouvre ses portes aujourd&rsquo;hui.<\/li>\n<\/ul>\n<p><a href=\"https:\/\/www.tf1info.fr\/actualite\/des-bijoux-inestimables-derobes-au-musee-du-louvre-14375\/\" rel=\"noopener\" class=\"jsx-484472199 Link jsx-1428418400 jsx-609604686\" target=\"_blank\"><\/p>\n<p style=\"font-weight:400\" class=\"jsx-1837267516\">Suivez la couverture compl\u00e8te<\/p>\n<p style=\"font-weight:800\" class=\"jsx-1837267516\">Des bijoux inestimables d\u00e9rob\u00e9s au mus\u00e9e du Louvre<\/p>\n<p><\/a><\/p>\n<p data-module=\"article-paragraph\" class=\"jsx-3046738180 Paragraph\">Les salari\u00e9s du mus\u00e9e du Louvre, r\u00e9unis en assembl\u00e9e g\u00e9n\u00e9rale lundi 15 d\u00e9cembre au matin \u00e0 l&rsquo;appel d&rsquo;une intersyndicale, ont vot\u00e9 la gr\u00e8ve \u00ab\u00a0\u00e0 l&rsquo;unanimit\u00e9\u00a0\u00bb, ont d\u00e9clar\u00e9 \u00e0 l&rsquo;AFP la CGT et la CFDT.<\/p>\n<p data-module=\"article-paragraph\" class=\"jsx-3046738180 Paragraph\">Selon ces deux syndicats, quelque \u00ab\u00a0400 agents\u00a0\u00bb ont vot\u00e9 une \u00ab\u00a0gr\u00e8ve reconductible\u00a0\u00bb \u00ab\u00a0\u00e0 l&rsquo;unanimit\u00e9\u00a0\u00bb, pour d\u00e9noncer la \u00ab\u00a0d\u00e9t\u00e9rioration\u00a0\u00bb des conditions de travail et la d\u00e9gradation de l&rsquo;accueil du public dans le mus\u00e9e le plus visit\u00e9 au monde. Ce dernier n&rsquo;avait pas ouvert ses portes lundi matin \u00e0 9h00, invitant les visiteurs \u00e0 revenir \u00e0 la mi-journ\u00e9e.\u00a0<\/p>\n<p data-module=\"article-paragraph\" class=\"jsx-3046738180 Paragraph Paragraph__End\">Contact\u00e9e par l&rsquo;AFP, la direction a indiqu\u00e9 qu&rsquo;elle recensait actuellement les agents non-gr\u00e9vistes pour pouvoir envisager une ouverture du mus\u00e9e ce lundi.<\/p>\n<p><a href=\"https:\/\/www.tf1info.fr\/justice-faits-divers\/exclusif-document-tf1-minute-par-minute-voici-comment-s-est-deroule-le-cambriolage-des-joyaux-de-la-couronne-au-louvre-videosurveillance-2411812.html\" rel=\"noopener\" class=\"jsx-3308031228 Link flex\" target=\"_blank\"><img decoding=\"async\" src=\"https:\/\/www.europesays.com\/fr\/wp-content\/uploads\/2025\/12\/cap-caslf-0f4c60-0@1x.jpeg\" alt=\"TF1\" loading=\"lazy\" importance=\"low\" fetchpriority=\"low\" class=\"\" aria-hidden=\"true\"\/><\/p>\n<p class=\"jsx-3657663356 ReadMoreArticle__Title\">Lire aussi<\/p>\n<p class=\"jsx-3657663356\">Cambriolage du Louvre : les images exclusives du vol des bijoux de la Couronne<\/p>\n<p><\/a><\/p>\n<p data-module=\"article-paragraph\" class=\"jsx-3046738180 Paragraph\">Depuis 9h00, quelque 400 salari\u00e9s, selon un repr\u00e9sentant CFDT \u00e0 l&rsquo;AFP, \u00e9taient r\u00e9unis en assembl\u00e9e g\u00e9n\u00e9rale pour se prononcer sur l&rsquo;<a href=\"https:\/\/www.tf1info.fr\/societe\/musee-du-louvre-des-syndicats-appellent-a-une-greve-reconductible-a-partir-du-15-decembre-2411478.html\" target=\"_blank\" rel=\"noopener\">appel lanc\u00e9 par les syndicats \u00e0 une \u00ab\u00a0gr\u00e8ve reconductible\u00a0\u00bb<\/a> contre des \u00ab\u00a0conditions de travail toujours plus d\u00e9grad\u00e9es\u00a0\u00bb et la d\u00e9t\u00e9rioration de l&rsquo;accueil du public dans le mus\u00e9e, l&rsquo;un des plus visit\u00e9s au monde. \u00ab\u00a0Visiter le Louvre est devenu un v\u00e9ritable parcours du combattant\u00a0\u00bb, \u00e9crivent les syndicats CGT, CFDT et SUD dans leur pr\u00e9avis, envoy\u00e9 le 8 d\u00e9cembre \u00e0 la ministre de la Culture Rachida Dati.\u00a0<\/p>\n<p data-module=\"article-paragraph\" class=\"jsx-3046738180 Paragraph Paragraph__End\">Pour tenter d&rsquo;\u00e9viter une fermeture du mus\u00e9e \u00e0 l&rsquo;approche des vacances de No\u00ebl, des r\u00e9unions ont eu lieu la semaine derni\u00e8re au minist\u00e8re de la Culture avec les syndicats, dont une avec Rachida Dati en personne. Face aux syndicats, la ministre s&rsquo;est engag\u00e9e \u00e0 revenir sur la baisse de 5,7 millions d&rsquo;euros de dotation publique au Louvre pr\u00e9vue dans le projet de loi de finances 2026, a appris l&rsquo;AFP de sources concordantes. En 2024, le mus\u00e9e a per\u00e7u 98,2 millions d&rsquo;euros de subventions de l&rsquo;\u00c9tat.<\/p>\n<p>Maxime MAGNIER <\/p>\n","protected":false},"excerpt":{"rendered":"Ce lundi matin, les personnels du mus\u00e9e du Louvre ont vot\u00e9 \u00ab\u00a0\u00e0 l&rsquo;unanimit\u00e9\u00a0\u00bb pour d\u00e9buter une \u00ab\u00a0gr\u00e8ve reconductible\u00a0\u00bb.&hellip;\n","protected":false},"author":2,"featured_media":600616,"comment_status":"","ping_status":"","sticky":false,"template":"","format":"standard","meta":{"footnotes":""},"categories":[1358],"tags":[1111,11,1921,1348,1384,1385,62336,1386,58,59,1011,27,1922,2041,133,2040],"class_list":{"0":"post-600615","1":"post","2":"type-post","3":"status-publish","4":"format-standard","5":"has-post-thumbnail","7":"category-arts-et-design","8":"tag-actu","9":"tag-actualites","10":"tag-article-video","11":"tag-arts","12":"tag-arts-and-design","13":"tag-arts-et-design","14":"tag-des-bijoux-inestimables-derobes-au-musee-du-louvre","15":"tag-design","16":"tag-divertissement","17":"tag-entertainment","18":"tag-fr","19":"tag-france","20":"tag-info","21":"tag-medias-et-divertissement","22":"tag-video","23":"tag-video-culture"},"share_on_mastodon":{"url":"https:\/\/pubeurope.com\/@fr\/115723249620594248","error":""},"_links":{"self":[{"href":"https:\/\/www.europesays.com\/fr\/wp-json\/wp\/v2\/posts\/600615","targetHints":{"allow":["GET"]}}],"collection":[{"href":"https:\/\/www.europesays.com\/fr\/wp-json\/wp\/v2\/posts"}],"about":[{"href":"https:\/\/www.europesays.com\/fr\/wp-json\/wp\/v2\/types\/post"}],"author":[{"embeddable":true,"href":"https:\/\/www.europesays.com\/fr\/wp-json\/wp\/v2\/users\/2"}],"replies":[{"embeddable":true,"href":"https:\/\/www.europesays.com\/fr\/wp-json\/wp\/v2\/comments?post=600615"}],"version-history":[{"count":0,"href":"https:\/\/www.europesays.com\/fr\/wp-json\/wp\/v2\/posts\/600615\/revisions"}],"wp:featuredmedia":[{"embeddable":true,"href":"https:\/\/www.europesays.com\/fr\/wp-json\/wp\/v2\/media\/600616"}],"wp:attachment":[{"href":"https:\/\/www.europesays.com\/fr\/wp-json\/wp\/v2\/media?parent=600615"}],"wp:term":[{"taxonomy":"category","embeddable":true,"href":"https:\/\/www.europesays.com\/fr\/wp-json\/wp\/v2\/categories?post=600615"},{"taxonomy":"post_tag","embeddable":true,"href":"https:\/\/www.europesays.com\/fr\/wp-json\/wp\/v2\/tags?post=600615"}],"curies":[{"name":"wp","href":"https:\/\/api.w.org\/{rel}","templated":true}]}}