{"id":600617,"date":"2025-12-15T11:04:14","date_gmt":"2025-12-15T11:04:14","guid":{"rendered":"https:\/\/www.europesays.com\/fr\/600617\/"},"modified":"2025-12-15T11:04:14","modified_gmt":"2025-12-15T11:04:14","slug":"jonathan-jenvrin-sa-vie-bouleversee-par-la-star-ac-cest-un-rouleau-compresseur","status":"publish","type":"post","link":"https:\/\/www.europesays.com\/fr\/600617\/","title":{"rendered":"Jonathan Jenvrin, sa vie boulevers\u00e9e par la Star Ac\u00a0? \u00ab\u00a0c&rsquo;est un rouleau compresseur\u00a0\u00bb"},"content":{"rendered":"<p>            <a href=\"https:\/\/www.journaldesfemmes.fr\/people\/magazine\/3250584-infos-actu-people-france-decembre-carole-rousseau-sarkozy-shym\/3250658-elodie-gossuin\" class=\"app_button_nav_prev jMiddlePreviousButton\" target=\"_blank\" rel=\"noopener\"><\/a><a href=\"https:\/\/www.journaldesfemmes.fr\/people\/magazine\/3250584-infos-actu-people-france-decembre-carole-rousseau-sarkozy-shym\/3250672-gerard-holtz-et-muriel\" class=\"app_button_nav_next jMiddleNextButton\" target=\"_blank\" rel=\"noopener\"><\/a><\/p>\n<p>                <img loading=\"lazy\" decoding=\"async\" src=\"https:\/\/www.europesays.com\/fr\/wp-content\/uploads\/2025\/12\/40059109.jpeg\" alt=\"\" width=\"250\" height=\"457\"\/><br \/>\n            <a href=\"https:\/\/img-3.journaldesfemmes.fr\/iNXAJLxsLe3KGTSwYpHL012ftH0=\/664x\/smart\/2dfcafa761f74edaa4107251110162d2\/ccmcms-jdf\/40059109.jpeg\" class=\"fancy app_btn_1 app_btn--ico\" target=\"_blank\" rel=\"noopener\"><\/a>Jonathan Jenvrin \u00a9\u00a0Domine Jerome\/ABACA    <\/p>\n<p><strong>Sous l&rsquo;eau.<\/strong> Les journ\u00e9es de Jonathan Jenvrin sont tr\u00e8s charg\u00e9es depuis qu&rsquo;il est devenu professeur de danse de la Star Academy car il partage son temps entre le ch\u00e2teau de Dammarie-les-Lys et le studio 217\u00a0\u00e0 Aubervilliers o\u00f9 se d\u00e9roulent les primes. \u00ab\u00a0Alors mon quotidien en tant que professeur, c&rsquo;est tr\u00e8s intense dans le sens o\u00f9 je fais chez moi, le ch\u00e2teau, chez moi, le studio 217, chez moi (&#8230;) Je n&rsquo;ai m\u00eame pas fait un restau encore. C&rsquo;est tr\u00e8s tr\u00e8s intense. Donc, c&rsquo;est un petit rouleau compresseur\u00a0\u00bb, a expliqu\u00e9 le chor\u00e9graphe de 35 ans au m\u00e9dia Paint.<\/p>\n","protected":false},"excerpt":{"rendered":"Jonathan Jenvrin \u00a9\u00a0Domine Jerome\/ABACA Sous l&rsquo;eau. Les journ\u00e9es de Jonathan Jenvrin sont tr\u00e8s charg\u00e9es depuis qu&rsquo;il est devenu&hellip;\n","protected":false},"author":2,"featured_media":600618,"comment_status":"","ping_status":"","sticky":false,"template":"","format":"standard","meta":{"footnotes":""},"categories":[1356],"tags":[71319,51761,58,59,52292,1011,27,51766,1031,252,1364],"class_list":{"0":"post-600617","1":"post","2":"type-post","3":"status-publish","4":"format-standard","5":"has-post-thumbnail","7":"category-television","8":"tag-cms-journaldesfemmes-3250620","9":"tag-controller-content","10":"tag-divertissement","11":"tag-entertainment","12":"tag-format-reportage","13":"tag-fr","14":"tag-france","15":"tag-les-histoires-du-jdf","16":"tag-magazine","17":"tag-television","18":"tag-tv"},"share_on_mastodon":{"url":"","error":""},"_links":{"self":[{"href":"https:\/\/www.europesays.com\/fr\/wp-json\/wp\/v2\/posts\/600617","targetHints":{"allow":["GET"]}}],"collection":[{"href":"https:\/\/www.europesays.com\/fr\/wp-json\/wp\/v2\/posts"}],"about":[{"href":"https:\/\/www.europesays.com\/fr\/wp-json\/wp\/v2\/types\/post"}],"author":[{"embeddable":true,"href":"https:\/\/www.europesays.com\/fr\/wp-json\/wp\/v2\/users\/2"}],"replies":[{"embeddable":true,"href":"https:\/\/www.europesays.com\/fr\/wp-json\/wp\/v2\/comments?post=600617"}],"version-history":[{"count":0,"href":"https:\/\/www.europesays.com\/fr\/wp-json\/wp\/v2\/posts\/600617\/revisions"}],"wp:featuredmedia":[{"embeddable":true,"href":"https:\/\/www.europesays.com\/fr\/wp-json\/wp\/v2\/media\/600618"}],"wp:attachment":[{"href":"https:\/\/www.europesays.com\/fr\/wp-json\/wp\/v2\/media?parent=600617"}],"wp:term":[{"taxonomy":"category","embeddable":true,"href":"https:\/\/www.europesays.com\/fr\/wp-json\/wp\/v2\/categories?post=600617"},{"taxonomy":"post_tag","embeddable":true,"href":"https:\/\/www.europesays.com\/fr\/wp-json\/wp\/v2\/tags?post=600617"}],"curies":[{"name":"wp","href":"https:\/\/api.w.org\/{rel}","templated":true}]}}