{"id":600621,"date":"2025-12-15T11:06:29","date_gmt":"2025-12-15T11:06:29","guid":{"rendered":"https:\/\/www.europesays.com\/fr\/600621\/"},"modified":"2025-12-15T11:06:29","modified_gmt":"2025-12-15T11:06:29","slug":"avec-la-voix-de-charles-berling-ce-film-retrace-la-vie-en-bretagne-dun-geant-oublie","status":"publish","type":"post","link":"https:\/\/www.europesays.com\/fr\/600621\/","title":{"rendered":"Avec la voix de Charles Berling, ce film retrace la vie en Bretagne d&rsquo;un \u00ab\u00a0g\u00e9ant oubli\u00e9\u00a0\u00bb"},"content":{"rendered":"<p>                    Par<br \/>\n        <strong><br \/>\n            <a href=\"https:\/\/actu.fr\/auteur\/journaliste-lpa\" title=\"Consulter tous les articles de R\u00e9daction Paimpol\" target=\"_blank\" rel=\"noopener\">R\u00e9daction Paimpol<\/a><br \/>\n                    <\/strong><\/p>\n<p>        Publi\u00e9 le<\/p>\n<p>            14 d\u00e9c. 2025 \u00e0 14h45        <\/p>\n<p>Une projection du film Renan, chantre de la Nation, r\u00e9alis\u00e9 par <b>Jean-Michel Djian<\/b> est organis\u00e9e au th\u00e9\u00e2tre de l\u2019Arche, \u00e0 <a href=\"https:\/\/actu.fr\/bretagne\/treguier_22362\" target=\"_blank\" rel=\"noopener\">Tr\u00e9guier<\/a> (C\u00f4tes-d\u2019Armor), le <b>17\u00a0d\u00e9cembre <\/b>2025.<\/p>\n<p class=\" wall-content\">Jean-Michel Djian est d\u00e9j\u00e0 l\u2019auteur d\u2019un <a href=\"https:\/\/www.radiofrance.fr\/franceculture\/podcasts\/toute-une-vie\/renan-chantre-de-la-nation-4511070\" target=\"_blank\" rel=\"noopener\">podcast<\/a> pour France Culture et d\u2019une biographie d\u00e9di\u00e9e \u00e0 <b>Ernest Renan<\/b>, \u00ab\u2009Le g\u00e9ant oubli\u00e9\u2009\u00bb, ce documentaire de 52\u00a0minutes qui remet \u00e0 l\u2019honneur le philologue originaire de Tr\u00e9guier.<\/p>\n<p>Pour mieux conna\u00eetre Ernest Renan<\/p>\n<p class=\" wall-content\">Ernest Renan, professeur au Coll\u00e8ge de France entre\u00a01862 et\u00a01892, n\u2019a jamais oubli\u00e9 sa Bretagne natale.<\/p>\n<p class=\" wall-content\">Tourn\u00e9 tout au long de l\u2019ann\u00e9e 2025, le film de <b>Jean-Michel Djian<\/b>\u00a0a ainsi pour d\u00e9cor la ville de Tr\u00e9guier, l\u2019\u00eele de Br\u00e9hat ou encore la r\u00e9sidence de Rosmapamon \u00e0 Louannec, o\u00f9 l\u2019intellectuel a pass\u00e9 les derni\u00e8res ann\u00e9es de sa vie.<\/p>\n<p class=\" wall-content\">Dans le film,<b> Charles Berling<\/b> pr\u00eate sa voix au penseur breton, tandis que sa silhouette est incarn\u00e9e par l\u2019auteur <b>Franck Maubert<\/b>.<\/p>\n<p class=\" wall-content\">Le film permet \u00e9galement de p\u00e9n\u00e9trer des <b>lieux prestigieux<\/b> de l\u2019enseignement parisien\u2009: l\u2019Acad\u00e9mie Fran\u00e7aise, le Coll\u00e8ge de France, l\u2019Institut d\u2019\u00e9tudes politiques de Paris (Sciences Po).<\/p>\n<p>Vid\u00e9os : en ce moment sur ActuDe nombreuses personnalit\u00e9s interview\u00e9es<\/p>\n<p class=\" wall-content\">Jean-Michel Djian a \u00e9galement interview\u00e9 de nombreuses <b>personnalit\u00e9s<\/b>\u2009:<\/p>\n<p>Votre r\u00e9gion, votre actu !<\/p>\n<p>Recevez chaque jour les infos qui comptent pour vous.<\/p>\n<p>\t<a href=\"https:\/\/actu.fr\/newsletter\" class=\"ac-btn ac-btn--corner ac-btn--medium ac-btn--blue800\" target=\"_blank\" rel=\"noopener\">S&rsquo;incrire<\/a><\/p>\n<ul class=\" wall-content\">\n<li>l\u2019acad\u00e9micien <b>Erik Orsenna<\/b><\/li>\n<li>le secr\u00e9taire perp\u00e9tuel de l\u2019Acad\u00e9mie Fran\u00e7aise <b>Amin Maalouf<\/b><\/li>\n<li>le Chancelier de l\u2019institut de France<b> Xavier Darcos<\/b><\/li>\n<li>l\u2019ancien pr\u00e9sident du Conseil Constitutionnel <b>Jean-Louis Debr\u00e9<\/b><\/li>\n<li>les politologues <b>Pascal Perrineau<\/b> et <b>Nicolas Tenzer<\/b><\/li>\n<li>la professeure \u00e0 l\u2019Universit\u00e9 de Virginie (US) <b>Maya Boutaghou<\/b><\/li>\n<li>la philosophe <b>Myriam Revault d\u2019Allonnes<\/b>.<\/li>\n<\/ul>\n<p>    <img   decoding=\"async\" loading=\"lazy\" class=\"size-large\" src=\"https:\/\/www.europesays.com\/fr\/wp-content\/uploads\/2025\/12\/42abb316f6d7636abb316f6d70aabbv-960x640.jpg\" alt=\"Jean-Michel Djian et Yves Revault d'Allones pendant le d\u00e9bat au Bel Aujourd'hui\" width=\"960\" height=\"640\"\/><br \/>\n    Jean-Michel Djian et Yves Revault d\u2019Allones pendant un d\u00e9bat, \u00e0 la librairie au Bel Aujourd\u2019hui, \u00e0 Tr\u00e9guier (C\u00f4tes-d\u2019Armor). \u00a9La Presse d\u2019ArmorPr\u00e9sence de l\u2019\u00e9quipe du film<\/p>\n<p class=\" wall-content\">Coproduit par les cha\u00eenes locales de Bretagne (TVR, T\u00e9b\u00e9o, T\u00e9b\u00e9sud), avec la participation de France Culture, il sera \u00e9galement diffus\u00e9 sur la nouvelle cha\u00eene <b>TNT NOVO19<\/b>.<\/p>\n<p class=\" wall-content\">La projection se fera en pr\u00e9sence de l\u2019\u00e9quipe du film, un temps d\u2019\u00e9change avec le r\u00e9alisateur sera pr\u00e9vu en fin de projection.<\/p>\n<p>Projection au th\u00e9\u00e2tre de l\u2019Arche, \u00e0 Tr\u00e9guier (C\u00f4tes-d\u2019Armor), le 17\u00a0d\u00e9cembre, \u00e0 18\u2009h\u200930\u2009; entr\u00e9e gratuite dans la limite des places disponibles\u2009; <a href=\"https:\/\/my.weezevent.com\/avant-premiere-du-documentaire-ernest-renan-chantre-de-la-nation\" target=\"_blank\" rel=\"noopener\">r\u00e9servation<\/a>\u00a0Contact\u2009: <a href=\"https:\/\/actu.fr\/cdn-cgi\/l\/email-protection\" class=\"__cf_email__\" data-cfemail=\"086a6169486a646d7d617a67617b6d266b6765\" target=\"_blank\" rel=\"noopener\">[email\u00a0protected]<\/a>.<\/p>\n<p class=\" wall-content\">Personnalisez votre actualit\u00e9 en ajoutant vos villes et m\u00e9dias en favori avec <a href=\"https:\/\/moncompte.actu.fr\" title=\"D\u00e9couvez Mon Actu\" rel=\"nofollow noopener\" data-trk=\"{&quot;cta&quot;:{&quot;action&quot;:&quot;https:\\\/\\\/moncompte.actu.fr&quot;,&quot;category&quot;:&quot;mon compte&quot;,&quot;from&quot;:&quot;article footer&quot;,&quot;name&quot;:&quot;Mon actu&quot;,&quot;type&quot;:&quot;cta&quot;}}\" target=\"_blank\">Mon Actu<\/a>.<\/p>\n","protected":false},"excerpt":{"rendered":"Par R\u00e9daction Paimpol Publi\u00e9 le 14 d\u00e9c. 2025 \u00e0 14h45 Une projection du film Renan, chantre de la&hellip;\n","protected":false},"author":2,"featured_media":600622,"comment_status":"","ping_status":"","sticky":false,"template":"","format":"standard","meta":{"footnotes":""},"categories":[1354],"tags":[650,58,59,1346,1011,27,937,1380,1360,104],"class_list":{"0":"post-600621","1":"post","2":"type-post","3":"status-publish","4":"format-standard","5":"has-post-thumbnail","7":"category-films","8":"tag-cinema","9":"tag-divertissement","10":"tag-entertainment","11":"tag-films","12":"tag-fr","13":"tag-france","14":"tag-histoire","15":"tag-livres","16":"tag-movies","17":"tag-societe"},"share_on_mastodon":{"url":"https:\/\/pubeurope.com\/@fr\/115723264698118464","error":""},"_links":{"self":[{"href":"https:\/\/www.europesays.com\/fr\/wp-json\/wp\/v2\/posts\/600621","targetHints":{"allow":["GET"]}}],"collection":[{"href":"https:\/\/www.europesays.com\/fr\/wp-json\/wp\/v2\/posts"}],"about":[{"href":"https:\/\/www.europesays.com\/fr\/wp-json\/wp\/v2\/types\/post"}],"author":[{"embeddable":true,"href":"https:\/\/www.europesays.com\/fr\/wp-json\/wp\/v2\/users\/2"}],"replies":[{"embeddable":true,"href":"https:\/\/www.europesays.com\/fr\/wp-json\/wp\/v2\/comments?post=600621"}],"version-history":[{"count":0,"href":"https:\/\/www.europesays.com\/fr\/wp-json\/wp\/v2\/posts\/600621\/revisions"}],"wp:featuredmedia":[{"embeddable":true,"href":"https:\/\/www.europesays.com\/fr\/wp-json\/wp\/v2\/media\/600622"}],"wp:attachment":[{"href":"https:\/\/www.europesays.com\/fr\/wp-json\/wp\/v2\/media?parent=600621"}],"wp:term":[{"taxonomy":"category","embeddable":true,"href":"https:\/\/www.europesays.com\/fr\/wp-json\/wp\/v2\/categories?post=600621"},{"taxonomy":"post_tag","embeddable":true,"href":"https:\/\/www.europesays.com\/fr\/wp-json\/wp\/v2\/tags?post=600621"}],"curies":[{"name":"wp","href":"https:\/\/api.w.org\/{rel}","templated":true}]}}