{"id":600632,"date":"2025-12-15T11:12:13","date_gmt":"2025-12-15T11:12:13","guid":{"rendered":"https:\/\/www.europesays.com\/fr\/600632\/"},"modified":"2025-12-15T11:12:13","modified_gmt":"2025-12-15T11:12:13","slug":"aux-etats-unis-les-sciences-du-climat-en-voie-dextinction","status":"publish","type":"post","link":"https:\/\/www.europesays.com\/fr\/600632\/","title":{"rendered":"Aux Etats-Unis, les sciences du climat en voie d\u2019extinction"},"content":{"rendered":"<p>                        <img viewbox=\"0 0 664 443\"   width=\"664\" height=\"443\" alt=\" A l\u2019universit\u00e9 George-Mason, \u00e0\u00a0Arlington (Virginie), d\u00e9but d\u00e9cembre\u00a02025.\u00a0\"\/>    A l\u2019universit\u00e9 George-Mason, \u00e0\u00a0Arlington (Virginie), d\u00e9but d\u00e9cembre\u00a02025.\u00a0                          <\/p>\n<p class=\"article__paragraph article__paragraph--lf \">C\u2019est une petite affiche\u00a0A4 perdue au milieu d\u2019un tableau en li\u00e8ge dans les locaux flambant neuf de l\u2019universit\u00e9 George-Mason, dans la banlieue de Washington,<strong> <\/strong>en Virginie. Elle annonce que l\u2019\u00e9tablissement propose, depuis la rentr\u00e9e 2025, un programme d\u2019\u00e9tudes consacr\u00e9 \u00ab\u00a0\u00e0 la r\u00e9silience et \u00e0 l\u2019adaptation au changement climatique\u00a0\u00bb.<\/p>\n<p class=\"article__paragraph article__paragraph--lf \">Les mots, banals, semblent presque provocateurs dans le contexte am\u00e9ricain actuel\u00a0: depuis l\u2019arriv\u00e9e de Donald Trump au pouvoir, le gouvernement f\u00e9d\u00e9ral a banni du vocabulaire officiel de l\u2019administration les termes \u00ab\u00a0crise du climat\u00a0\u00bb, \u00ab\u00a0justice climatique\u00a0\u00bb ou encore \u00ab\u00a0science du climat\u00a0\u00bb, \u00ab\u00a0pollution\u00a0\u00bb et \u00ab\u00a0qualit\u00e9 environnementale\u00a0\u00bb. Comment \u00e9tudier les sciences du climat dans un pays o\u00f9 le pr\u00e9sident parle du r\u00e9chauffement climatique comme de \u00ab\u00a0la plus grande escroquerie perp\u00e9tr\u00e9e dans le monde\u00a0\u00bb et assume vouloir mettre fin \u00e0 \u00ab\u00a0l\u2019hyst\u00e9rie climatique\u00a0\u00bb\u00a0?<\/p>\n<p class=\"reading-mode-only \"><strong>Il vous reste 92.18% de cet article \u00e0 lire. La suite est r\u00e9serv\u00e9e aux abonn\u00e9s.<\/strong><\/p>\n","protected":false},"excerpt":{"rendered":"A l\u2019universit\u00e9 George-Mason, \u00e0\u00a0Arlington (Virginie), d\u00e9but d\u00e9cembre\u00a02025.\u00a0 C\u2019est une petite affiche\u00a0A4 perdue au milieu d\u2019un tableau en li\u00e8ge&hellip;\n","protected":false},"author":2,"featured_media":600633,"comment_status":"","ping_status":"","sticky":false,"template":"","format":"standard","meta":{"footnotes":""},"categories":[5],"tags":[11,1011,27,14,12,28],"class_list":{"0":"post-600632","1":"post","2":"type-post","3":"status-publish","4":"format-standard","5":"has-post-thumbnail","7":"category-international","8":"tag-actualites","9":"tag-fr","10":"tag-france","11":"tag-international","12":"tag-news","13":"tag-world"},"share_on_mastodon":{"url":"https:\/\/pubeurope.com\/@fr\/115723288270817080","error":""},"_links":{"self":[{"href":"https:\/\/www.europesays.com\/fr\/wp-json\/wp\/v2\/posts\/600632","targetHints":{"allow":["GET"]}}],"collection":[{"href":"https:\/\/www.europesays.com\/fr\/wp-json\/wp\/v2\/posts"}],"about":[{"href":"https:\/\/www.europesays.com\/fr\/wp-json\/wp\/v2\/types\/post"}],"author":[{"embeddable":true,"href":"https:\/\/www.europesays.com\/fr\/wp-json\/wp\/v2\/users\/2"}],"replies":[{"embeddable":true,"href":"https:\/\/www.europesays.com\/fr\/wp-json\/wp\/v2\/comments?post=600632"}],"version-history":[{"count":0,"href":"https:\/\/www.europesays.com\/fr\/wp-json\/wp\/v2\/posts\/600632\/revisions"}],"wp:featuredmedia":[{"embeddable":true,"href":"https:\/\/www.europesays.com\/fr\/wp-json\/wp\/v2\/media\/600633"}],"wp:attachment":[{"href":"https:\/\/www.europesays.com\/fr\/wp-json\/wp\/v2\/media?parent=600632"}],"wp:term":[{"taxonomy":"category","embeddable":true,"href":"https:\/\/www.europesays.com\/fr\/wp-json\/wp\/v2\/categories?post=600632"},{"taxonomy":"post_tag","embeddable":true,"href":"https:\/\/www.europesays.com\/fr\/wp-json\/wp\/v2\/tags?post=600632"}],"curies":[{"name":"wp","href":"https:\/\/api.w.org\/{rel}","templated":true}]}}