{"id":600638,"date":"2025-12-15T11:15:18","date_gmt":"2025-12-15T11:15:18","guid":{"rendered":"https:\/\/www.europesays.com\/fr\/600638\/"},"modified":"2025-12-15T11:15:18","modified_gmt":"2025-12-15T11:15:18","slug":"saint-etienne-un-quadragenaire-condamne-pour-avoir-derobe-pres-de-40-000-euros-a-la-mere-de-son-amie","status":"publish","type":"post","link":"https:\/\/www.europesays.com\/fr\/600638\/","title":{"rendered":"Saint-\u00c9tienne. Un quadrag\u00e9naire condamn\u00e9 pour avoir d\u00e9rob\u00e9 pr\u00e8s de 40\u00a0000 euros \u00e0 la m\u00e8re de son amie"},"content":{"rendered":"<p>Durant six mois, Mehdi Le Tutour a escroqu\u00e9 et vol\u00e9 plus de 39\u00a0000\u00a0\u20ac \u00e0 une septuag\u00e9naire st\u00e9phanoise, entre\u00a02024 et\u00a02025 \u00e0 Saint-\u00c9tienne.<\/p>\n<p>C\u2019est la banque qui a pr\u00e9venu la dame \u00e2g\u00e9e, apr\u00e8s avoir remarqu\u00e9 des retraits, pr\u00e8s de 200, qui d\u00e9notaient de l\u2019utilisation habituelle du compte bancaire. La victime s\u2019est d\u2019abord tourn\u00e9e vers sa fille, qui avait une procuration. Ce n\u2019est pas cette derni\u00e8re qui se servait en liquide, mais un ami tr\u00e8s proche d\u2019elle.<\/p>\n<p>Absent \u00e0 son proc\u00e8s au tribunal de Saint-\u00c9tienne, ce 11\u00a0d\u00e9cembre, Mehdi Le Tutour, 41 ans, avait pourtant reconnu les faits lors de ses auditions. Il expliquait alors avoir soustrait les cartes bleues et codes \u00e0 son amie afin de financer son addiction \u00e0 la coca\u00efne. Ce qui a mis la dame \u00e2g\u00e9e en difficult\u00e9 financi\u00e8re, jusqu\u2019\u00e0 ne plus pouvoir payer son loyer, recevant seulement une retraite de moins de 1\u00a0000\u00a0\u20ac.<\/p>\n<p>  Dix-huit mois de prison et un mandat d&rsquo;arr\u00eat<\/p>\n<p>Condamn\u00e9 \u00e0 dix-huit mois de prison, un mandat d\u2019arr\u00eat est aussi d\u00e9livr\u00e9 \u00e0 son encontre. Il a l\u2019interdiction de contacter la m\u00e8re et sa fille durant trois ann\u00e9es et devra rembourser la victime des 40\u00a0000\u00a0\u20ac et indemniser un pr\u00e9judice moral de 2000\u00a0\u20ac \u00e0 la dame \u00e2g\u00e9e, et 500\u00a0\u20ac \u00e0 son ancienne amie.<\/p>\n<p class=\"note\">Conform\u00e9ment <a href=\"https:\/\/www.leprogres.fr\/societe\/2023\/02\/09\/faits-divers-et-justice-notre-charte-editoriale\" target=\"_blank\" rel=\"noopener\">\u00e0 notre charte<\/a>, nous citons l\u2019identit\u00e9 d\u2019une personne condamn\u00e9e \u00e0 au moins un an de prison ferme avec mandat de d\u00e9p\u00f4t, ou \u00e0 au moins deux ans de prison ferme ou avec sursis.<\/p>\n","protected":false},"excerpt":{"rendered":"Durant six mois, Mehdi Le Tutour a escroqu\u00e9 et vol\u00e9 plus de 39\u00a0000\u00a0\u20ac \u00e0 une septuag\u00e9naire st\u00e9phanoise, entre\u00a02024&hellip;\n","protected":false},"author":2,"featured_media":600639,"comment_status":"","ping_status":"","sticky":false,"template":"","format":"standard","meta":{"footnotes":""},"categories":[9653],"tags":[1111,11,2430,271,272,7539,1777,674,274,107,1011,27,3367,12,25,4001,7538],"class_list":{"0":"post-600638","1":"post","2":"type-post","3":"status-publish","4":"format-standard","5":"has-post-thumbnail","7":"category-saint-etienne","8":"tag-actu","9":"tag-actualites","10":"tag-auvergne-rhone-alpes","11":"tag-crime","12":"tag-delit-et-contravention","13":"tag-edition-loire-sud","14":"tag-eu","15":"tag-europe","16":"tag-faits-divers-justice","17":"tag-fil-info","18":"tag-fr","19":"tag-france","20":"tag-loire","21":"tag-news","22":"tag-republique-francaise","23":"tag-saint-etienne","24":"tag-saint-etienne-ville"},"share_on_mastodon":{"url":"https:\/\/pubeurope.com\/@fr\/115723299943923504","error":""},"_links":{"self":[{"href":"https:\/\/www.europesays.com\/fr\/wp-json\/wp\/v2\/posts\/600638","targetHints":{"allow":["GET"]}}],"collection":[{"href":"https:\/\/www.europesays.com\/fr\/wp-json\/wp\/v2\/posts"}],"about":[{"href":"https:\/\/www.europesays.com\/fr\/wp-json\/wp\/v2\/types\/post"}],"author":[{"embeddable":true,"href":"https:\/\/www.europesays.com\/fr\/wp-json\/wp\/v2\/users\/2"}],"replies":[{"embeddable":true,"href":"https:\/\/www.europesays.com\/fr\/wp-json\/wp\/v2\/comments?post=600638"}],"version-history":[{"count":0,"href":"https:\/\/www.europesays.com\/fr\/wp-json\/wp\/v2\/posts\/600638\/revisions"}],"wp:featuredmedia":[{"embeddable":true,"href":"https:\/\/www.europesays.com\/fr\/wp-json\/wp\/v2\/media\/600639"}],"wp:attachment":[{"href":"https:\/\/www.europesays.com\/fr\/wp-json\/wp\/v2\/media?parent=600638"}],"wp:term":[{"taxonomy":"category","embeddable":true,"href":"https:\/\/www.europesays.com\/fr\/wp-json\/wp\/v2\/categories?post=600638"},{"taxonomy":"post_tag","embeddable":true,"href":"https:\/\/www.europesays.com\/fr\/wp-json\/wp\/v2\/tags?post=600638"}],"curies":[{"name":"wp","href":"https:\/\/api.w.org\/{rel}","templated":true}]}}