{"id":600642,"date":"2025-12-15T11:21:18","date_gmt":"2025-12-15T11:21:18","guid":{"rendered":"https:\/\/www.europesays.com\/fr\/600642\/"},"modified":"2025-12-15T11:21:18","modified_gmt":"2025-12-15T11:21:18","slug":"football-coupe-de-france-sur-quelle-chaine-regarder-gf38","status":"publish","type":"post","link":"https:\/\/www.europesays.com\/fr\/600642\/","title":{"rendered":"Football. Coupe de France\u00a0: sur quelle cha\u00eene regarder GF38"},"content":{"rendered":"<p>En Coupe de France, Grenoble a domin\u00e9 l&rsquo;Olympique de Villefontaine <a href=\"https:\/\/www.ledauphine.com\/sport\/2025\/11\/14\/l-olympique-villefontaine-reve-d-exploit-contre-le-gf38-suivez-le-derby-iserois-du-septieme-tour\" target=\"_blank\" rel=\"nofollow noopener\">(R2, 3-0)<\/a> dans un derby is\u00e9rois au 7e tour. Avant de venir \u00e0 bout du FC Annecy sur sa pelouse au 8e <a href=\"https:\/\/www.ledauphine.com\/sport\/2025\/11\/28\/qui-remportera-le-choc-du-8e-tour-entre-le-fc-annecy-et-grenoble-suivez-la-rencontre\" target=\"_blank\" rel=\"nofollow noopener\">(2-1)<\/a>.<\/p>\n<p>Les Nanc\u00e9iens sont eux facilement venus \u00e0 bout de Tomblaine <a href=\"https:\/\/www.ledauphine.com\/sport\/2025\/11\/03\/fc-annecy-et-le-gf38-en-mode-ligue-2-thonon-evian-et-le-petit-poucet-allinges-fixes-la-programmation-du-7e-tour-est-tombee\" target=\"_blank\" rel=\"nofollow noopener\">(R3, 5-0)<\/a> avant d&rsquo;avoir plus de difficult\u00e9s contre Sarreguemines <a href=\"https:\/\/www.ledauphine.com\/sport\/2025\/11\/16\/gf38-fc-annecy-rhone-vallees-seyssinet-pariset-retrouvez-toutes-les-affiches-du-8e-tour-whhb\" target=\"_blank\" rel=\"nofollow noopener\">(R1, 4-3)<\/a> avec un succ\u00e8s d\u00e9croch\u00e9 dans le temps additionnel.<\/p>\n<p>La rencontre sera \u00e0 suivre sur\u00a0beIN Sports 6\u00a0et en direct comment\u00e9 sur notre site internet.<\/p>\n","protected":false},"excerpt":{"rendered":"En Coupe de France, Grenoble a domin\u00e9 l&rsquo;Olympique de Villefontaine (R2, 3-0) dans un derby is\u00e9rois au 7e&hellip;\n","protected":false},"author":2,"featured_media":600643,"comment_status":"","ping_status":"","sticky":false,"template":"","format":"standard","meta":{"footnotes":""},"categories":[9635],"tags":[1111,11,112,1777,674,1701,63,1011,27,12637,775,2731,2732,108,12636,1702,12,25,517,1947,2205],"class_list":{"0":"post-600642","1":"post","2":"type-post","3":"status-publish","4":"format-standard","5":"has-post-thumbnail","7":"category-nancy","8":"tag-actu","9":"tag-actualites","10":"tag-edition-grenoble-agglomeration","11":"tag-eu","12":"tag-europe","13":"tag-fil-info-sport","14":"tag-football","15":"tag-fr","16":"tag-france","17":"tag-gf38-grenoble-foot-38","18":"tag-grand-est","19":"tag-grenoble","20":"tag-grenoble-bassin","21":"tag-isere","22":"tag-ligue-2-football","23":"tag-nancy","24":"tag-news","25":"tag-republique-francaise","26":"tag-sport","27":"tag-sport-national","28":"tag-television-medias"},"share_on_mastodon":{"url":"https:\/\/pubeurope.com\/@fr\/115723323919289452","error":""},"_links":{"self":[{"href":"https:\/\/www.europesays.com\/fr\/wp-json\/wp\/v2\/posts\/600642","targetHints":{"allow":["GET"]}}],"collection":[{"href":"https:\/\/www.europesays.com\/fr\/wp-json\/wp\/v2\/posts"}],"about":[{"href":"https:\/\/www.europesays.com\/fr\/wp-json\/wp\/v2\/types\/post"}],"author":[{"embeddable":true,"href":"https:\/\/www.europesays.com\/fr\/wp-json\/wp\/v2\/users\/2"}],"replies":[{"embeddable":true,"href":"https:\/\/www.europesays.com\/fr\/wp-json\/wp\/v2\/comments?post=600642"}],"version-history":[{"count":0,"href":"https:\/\/www.europesays.com\/fr\/wp-json\/wp\/v2\/posts\/600642\/revisions"}],"wp:featuredmedia":[{"embeddable":true,"href":"https:\/\/www.europesays.com\/fr\/wp-json\/wp\/v2\/media\/600643"}],"wp:attachment":[{"href":"https:\/\/www.europesays.com\/fr\/wp-json\/wp\/v2\/media?parent=600642"}],"wp:term":[{"taxonomy":"category","embeddable":true,"href":"https:\/\/www.europesays.com\/fr\/wp-json\/wp\/v2\/categories?post=600642"},{"taxonomy":"post_tag","embeddable":true,"href":"https:\/\/www.europesays.com\/fr\/wp-json\/wp\/v2\/tags?post=600642"}],"curies":[{"name":"wp","href":"https:\/\/api.w.org\/{rel}","templated":true}]}}