{"id":600664,"date":"2025-12-15T11:34:19","date_gmt":"2025-12-15T11:34:19","guid":{"rendered":"https:\/\/www.europesays.com\/fr\/600664\/"},"modified":"2025-12-15T11:34:19","modified_gmt":"2025-12-15T11:34:19","slug":"apres-le-traumatisme-en-ariege-les-agriculteurs-annoncent-une-action-a-strasbourg","status":"publish","type":"post","link":"https:\/\/www.europesays.com\/fr\/600664\/","title":{"rendered":"apr\u00e8s le \u00ab\u00a0traumatisme en Ari\u00e8ge\u00a0\u00bb, les agriculteurs annoncent une action \u00e0 Strasbourg"},"content":{"rendered":"<p>                    Par<br \/>\n        <strong><br \/>\n            <a href=\"https:\/\/actu.fr\/auteur\/ivan-capecchi\" title=\"Consulter tous les articles de Ivan CAPECCHI\" target=\"_blank\" rel=\"noopener\">Ivan CAPECCHI<\/a><br \/>\n                    <\/strong><\/p>\n<p>        Publi\u00e9 le<\/p>\n<p>            15 d\u00e9c. 2025 \u00e0 11h42        <\/p>\n<p>Alors que la gestion de la <strong>dermatose nodulaire contagieuse (DNC)<\/strong> a cr\u00e9\u00e9 de tr\u00e8s vives tensions en <strong>Ari\u00e8ge<\/strong> d\u00e9but d\u00e9cembre, la Coordination rurale du Bas-Rhin lance un <strong>appel \u00e0 mobilisation<\/strong>, mercredi \u00e0 10h, devant le <a href=\"https:\/\/actu.fr\/tag\/parlement-europeen\" target=\"_blank\" rel=\"noopener\">parlement europ\u00e9en<\/a> de <strong>Strasbourg<\/strong>.<\/p>\n<p>Mercosur, PAC\u2026 de nombreux sujets \u00e9voqu\u00e9s<\/p>\n<p class=\" wall-content\">Les agriculteurs viendront en tracteur.<\/p>\n<p class=\" wall-content\">Ils manifesteront ensuite de mani\u00e8re statique devant le parlement europ\u00e9en avec banderoles et messages.<\/p>\n<p class=\" wall-content\">Ils \u00e9voqueront le <a href=\"https:\/\/actu.fr\/economie\/mercosur-l-ue-a-signe-l-accord-de-libre-echange-malgre-la-colere-des-agriculteurs-francais_61967760.html\" target=\"_blank\" rel=\"noopener\">Mercosur, accord d\u00e9cri\u00e9 de libre-\u00e9change entre l\u2019Union europ\u00e9enne (UE) et des pays sud-am\u00e9ricains<\/a>, la <a href=\"https:\/\/actu.fr\/societe\/tout-comprendre-pac-histoire-fonctionnement-mecanismes-crainte-dune-baisse-budget_31809406.html\" target=\"_blank\" rel=\"noopener\">PAC, Politique agricole commune de l\u2019UE<\/a>, critiqu\u00e9e notamment pour ses aides jug\u00e9es insuffisantes ou mal r\u00e9parties, ou encore le <strong>MACF (M\u00e9canisme d\u2019ajustement carbone aux fronti\u00e8res)<\/strong>, une taxe carbone europ\u00e9enne sur les importations, jug\u00e9e insuffisante pour prot\u00e9ger les agriculteurs.<\/p>\n<p>    <a href=\"https:\/\/www.facebook.com\/plugins\/post.php?href=https%3A%2F%2Fwww.facebook.com%2Fpermalink.php%3Fstory_fbid%3Dpfbid022AxMCZNDHuTHFYAVi9XH3nm63iFtuTNNWZ1ZkXhPXzraAqJJB3yaJ5NpnEkBTDBal%26id%3D61572822371362&amp;show_text=true&amp;width=350\" title=\"Ouvrie le lien\" target=\"_blank\" rel=\"noopener\">Cliquez ici pour visualiser le contenu<\/a><\/p>\n<p>La gestion de la dermatose nodulaire contagieuse point\u00e9e du doigt<\/p>\n<p class=\" wall-content\">Mais les agriculteurs aborderont \u00e9galement la gestion de la crise de la dermatose nodulaire, une <strong>maladie virale bovine tr\u00e8s contagieuse<\/strong>.<\/p>\n<p class=\" wall-content\">D\u00e9tect\u00e9e en France fin juin, la dermatose nodulaire contagieuse (DNC) continue de progresser dans le Sud-Ouest. En Ari\u00e8ge, un foyer confirm\u00e9 d\u00e9but d\u00e9cembre aux <strong>Bordes-sur-Arize<\/strong> a conduit l\u2019\u00c9tat \u00e0 ordonner <strong>l\u2019abattage de plus de 200 bovins<\/strong>. Cette d\u00e9cision a provoqu\u00e9 de vives tensions, avec plusieurs jours de <strong>mobilisation et de blocages d\u2019\u00e9leveurs<\/strong> d\u00e9non\u00e7ant une mesure jug\u00e9e excessive.<\/p>\n<p>Votre r\u00e9gion, votre actu !<\/p>\n<p>Recevez chaque jour les infos qui comptent pour vous.<\/p>\n<p>\t<a href=\"https:\/\/actu.fr\/newsletter\" class=\"ac-btn ac-btn--corner ac-btn--medium ac-btn--blue800\" target=\"_blank\" rel=\"noopener\">S&rsquo;incrire<\/a><br \/>\n\u00ab\u2009Ce qu\u2019il s\u2019est pass\u00e9 en Ari\u00e8ge a \u00e9t\u00e9 un traumatisme\u2009\u00bb<\/p>\n<p class=\" wall-content\">\u00ab\u2009Des probl\u00e8mes, il y en a plein,<strong> il y en a trop<\/strong>\u2009\u00bb, r\u00e9agit Jean Fritsch, de la Coordination rurale du Bas-Rhin. \u00ab\u2009Ce qu\u2019il s\u2019est pass\u00e9 en Ari\u00e8ge a \u00e9t\u00e9 un <strong>traumatisme<\/strong>, un <strong>\u00e9lectrochoc<\/strong>\u2009\u00bb, confie M. Fritsch, qui pointe du doigt la \u00ab<strong>\u2009gestion catastrophique et honteuse de la crise de la DNC<\/strong>\u2009\u00bb.<\/p>\n<p class=\" wall-content\">R\u00e9cemment, la <a href=\"https:\/\/actu.fr\/occitanie\/toulouse_31555\/crise-agricole-la-ministre-a-toulouse-qu-elle-vienne-plutot-chez-un-eleveur-qui-va-perdre-ses-betes_63576071.html\" target=\"_blank\" rel=\"noopener\">ministre de l\u2019Agriculture<\/a>, Annie Genevard, s\u2019est dite pr\u00eate \u00e0 discuter des abattages forc\u00e9s.<\/p>\n<p>Appel aux citoyens<\/p>\n<p class=\" wall-content\">Jean Fritsch esp\u00e8re que <strong>les citoyens se joindront \u00e0 eux mercredi<\/strong>.<\/p>\n<p class=\" wall-content\">\u00ab\u2009On a fait une action spontan\u00e9e \u00e0 Colmar la semaine derni\u00e8re et pas mal de personnes ont ensuite propos\u00e9 de venir nous soutenir si jamais on organisait une nouvelle action.<strong> On esp\u00e8re que ces gens-l\u00e0 nous rejoindront<\/strong>\u2009\u00bb, t\u00e9moigne-t-il.<\/p>\n<p class=\" wall-content\">Personnalisez votre actualit\u00e9 en ajoutant vos villes et m\u00e9dias en favori avec <a href=\"https:\/\/moncompte.actu.fr\" title=\"D\u00e9couvez Mon Actu\" rel=\"nofollow noopener\" data-trk=\"{&quot;cta&quot;:{&quot;action&quot;:&quot;https:\\\/\\\/moncompte.actu.fr&quot;,&quot;category&quot;:&quot;mon compte&quot;,&quot;from&quot;:&quot;article footer&quot;,&quot;name&quot;:&quot;Mon actu&quot;,&quot;type&quot;:&quot;cta&quot;}}\" target=\"_blank\">Mon Actu<\/a>.<\/p>\n","protected":false},"excerpt":{"rendered":"Par Ivan CAPECCHI Publi\u00e9 le 15 d\u00e9c. 2025 \u00e0 11h42 Alors que la gestion de la dermatose nodulaire&hellip;\n","protected":false},"author":2,"featured_media":600665,"comment_status":"","ping_status":"","sticky":false,"template":"","format":"standard","meta":{"footnotes":""},"categories":[2820],"tags":[1111,11,327,1777,674,1011,27,775,1272,12,8552,25,104,640],"class_list":{"0":"post-600664","1":"post","2":"type-post","3":"status-publish","4":"format-standard","5":"has-post-thumbnail","7":"category-strasbourg","8":"tag-actu","9":"tag-actualites","10":"tag-agriculture","11":"tag-eu","12":"tag-europe","13":"tag-fr","14":"tag-france","15":"tag-grand-est","16":"tag-manifestations","17":"tag-news","18":"tag-parlement-europeen","19":"tag-republique-francaise","20":"tag-societe","21":"tag-strasbourg"},"share_on_mastodon":{"url":"https:\/\/pubeurope.com\/@fr\/115723374685046490","error":""},"_links":{"self":[{"href":"https:\/\/www.europesays.com\/fr\/wp-json\/wp\/v2\/posts\/600664","targetHints":{"allow":["GET"]}}],"collection":[{"href":"https:\/\/www.europesays.com\/fr\/wp-json\/wp\/v2\/posts"}],"about":[{"href":"https:\/\/www.europesays.com\/fr\/wp-json\/wp\/v2\/types\/post"}],"author":[{"embeddable":true,"href":"https:\/\/www.europesays.com\/fr\/wp-json\/wp\/v2\/users\/2"}],"replies":[{"embeddable":true,"href":"https:\/\/www.europesays.com\/fr\/wp-json\/wp\/v2\/comments?post=600664"}],"version-history":[{"count":0,"href":"https:\/\/www.europesays.com\/fr\/wp-json\/wp\/v2\/posts\/600664\/revisions"}],"wp:featuredmedia":[{"embeddable":true,"href":"https:\/\/www.europesays.com\/fr\/wp-json\/wp\/v2\/media\/600665"}],"wp:attachment":[{"href":"https:\/\/www.europesays.com\/fr\/wp-json\/wp\/v2\/media?parent=600664"}],"wp:term":[{"taxonomy":"category","embeddable":true,"href":"https:\/\/www.europesays.com\/fr\/wp-json\/wp\/v2\/categories?post=600664"},{"taxonomy":"post_tag","embeddable":true,"href":"https:\/\/www.europesays.com\/fr\/wp-json\/wp\/v2\/tags?post=600664"}],"curies":[{"name":"wp","href":"https:\/\/api.w.org\/{rel}","templated":true}]}}