{"id":600670,"date":"2025-12-15T11:38:20","date_gmt":"2025-12-15T11:38:20","guid":{"rendered":"https:\/\/www.europesays.com\/fr\/600670\/"},"modified":"2025-12-15T11:38:20","modified_gmt":"2025-12-15T11:38:20","slug":"une-soixantaine-deducateurs-de-rue-manifestent-devant-le-conseil-departemental-a-nantes","status":"publish","type":"post","link":"https:\/\/www.europesays.com\/fr\/600670\/","title":{"rendered":"Une soixantaine d\u2019\u00e9ducateurs de rue manifestent devant le conseil d\u00e9partemental \u00e0 Nantes"},"content":{"rendered":"<p><a href=\"https:\/\/nantes.maville.com\/actu\/actudet_-les-educateurs-de-rue-de-loire-atlantique-maintiennent-la-pression-sur-leur-direction-_8-7104948_actu.Htm\" target=\"_self\" rel=\"noopener\">Une soixantaine d\u2019\u00e9ducateurs de rue sont rassembl\u00e9s<\/a> devant le conseil d\u00e9partemental. Ils entament leur quatri\u00e8me semaine de gr\u00e8ve. Ils refusent le passage \u00e0 1\u00a0607\u00a0heures de travail, qui se traduiraient par des jours de cong\u00e9 en moins, <strong>\u00ab\u00a0donc une d\u00e9t\u00e9rioration de nos conditions de travail\u00a0\u00bb,<\/strong> commente C\u00e9line Mazan, d\u00e9l\u00e9gu\u00e9e syndicale de la CGT.<\/p>\n<p>Plus de 45\u00a0\u00e9ducateurs de rue interviennent aupr\u00e8s des 11-25\u00a0ans, en difficult\u00e9s sociales ou m\u00e9dicales, parfois les deux. Environ 4\u00a0500 jeunes sont suivis par les \u00e9ducateurs de rue. Ces professionnels sp\u00e9cialis\u00e9s doivent rencontrer des \u00e9lus du D\u00e9partement dans la journ\u00e9e.<\/p>\n<p>\u00a0<\/p>\n","protected":false},"excerpt":{"rendered":"Une soixantaine d\u2019\u00e9ducateurs de rue sont rassembl\u00e9s devant le conseil d\u00e9partemental. Ils entament leur quatri\u00e8me semaine de gr\u00e8ve.&hellip;\n","protected":false},"author":2,"featured_media":600671,"comment_status":"","ping_status":"","sticky":false,"template":"","format":"standard","meta":{"footnotes":""},"categories":[2818],"tags":[1111,11,7516,33961,16056,1777,674,1011,27,15221,766,12,2636,25,3640,71332],"class_list":{"0":"post-600670","1":"post","2":"type-post","3":"status-publish","4":"format-standard","5":"has-post-thumbnail","7":"category-nantes","8":"tag-actu","9":"tag-actualites","10":"tag-conseil","11":"tag-departemental","12":"tag-educateurs","13":"tag-eu","14":"tag-europe","15":"tag-fr","16":"tag-france","17":"tag-manifestent","18":"tag-nantes","19":"tag-news","20":"tag-pays-de-la-loire","21":"tag-republique-francaise","22":"tag-rue","23":"tag-soixantaine"},"share_on_mastodon":{"url":"https:\/\/pubeurope.com\/@fr\/115723390521637796","error":""},"_links":{"self":[{"href":"https:\/\/www.europesays.com\/fr\/wp-json\/wp\/v2\/posts\/600670","targetHints":{"allow":["GET"]}}],"collection":[{"href":"https:\/\/www.europesays.com\/fr\/wp-json\/wp\/v2\/posts"}],"about":[{"href":"https:\/\/www.europesays.com\/fr\/wp-json\/wp\/v2\/types\/post"}],"author":[{"embeddable":true,"href":"https:\/\/www.europesays.com\/fr\/wp-json\/wp\/v2\/users\/2"}],"replies":[{"embeddable":true,"href":"https:\/\/www.europesays.com\/fr\/wp-json\/wp\/v2\/comments?post=600670"}],"version-history":[{"count":0,"href":"https:\/\/www.europesays.com\/fr\/wp-json\/wp\/v2\/posts\/600670\/revisions"}],"wp:featuredmedia":[{"embeddable":true,"href":"https:\/\/www.europesays.com\/fr\/wp-json\/wp\/v2\/media\/600671"}],"wp:attachment":[{"href":"https:\/\/www.europesays.com\/fr\/wp-json\/wp\/v2\/media?parent=600670"}],"wp:term":[{"taxonomy":"category","embeddable":true,"href":"https:\/\/www.europesays.com\/fr\/wp-json\/wp\/v2\/categories?post=600670"},{"taxonomy":"post_tag","embeddable":true,"href":"https:\/\/www.europesays.com\/fr\/wp-json\/wp\/v2\/tags?post=600670"}],"curies":[{"name":"wp","href":"https:\/\/api.w.org\/{rel}","templated":true}]}}