{"id":600674,"date":"2025-12-15T11:40:20","date_gmt":"2025-12-15T11:40:20","guid":{"rendered":"https:\/\/www.europesays.com\/fr\/600674\/"},"modified":"2025-12-15T11:40:20","modified_gmt":"2025-12-15T11:40:20","slug":"un-nouveau-recours-des-opposants-au-projet-concernant-la-consommation-en-eau","status":"publish","type":"post","link":"https:\/\/www.europesays.com\/fr\/600674\/","title":{"rendered":"un nouveau recours des opposants au projet concernant la consommation en eau"},"content":{"rendered":"<p>Concernant ce nouveau volet, tout part du nouveau Plan local d\u2019urbanisme (PLU) adopt\u00e9 par la commune de Can\u00e9jan en septembre. Le commissaire enqu\u00eateur avait \u00e9mis un avis favorable, mais assorti de plusieurs r\u00e9serves. Parmi elles, il \u00e9tait demand\u00e9 de \u00ab\u00a0confirmer la capacit\u00e9 de fourniture en eau portable prenant en compte tous les projets en cours ainsi que celle du r\u00e9seau d\u2019assainissement \u00e0 l\u2019aune de la projection d\u00e9mographique\u00a0\u00bb.<\/p>\n<p>La commune \u2013 qui comptait environ 5\u00a0800 habitants en 2022 \u2013 a r\u00e9pondu au commissaire en fournissant ses projections, en misant sur l\u2019accueil de 800 ou 850 nouveaux habitants. Dans sa r\u00e9ponse, elle table sur une consommation en eau de 338\u00a0520\u00a0m\u00b3 en 2030 et 367\u00a0040\u00a0m\u00b3 en 2040. Des chiffres qui ont fait bondir le collectif Can\u00e9jan en transition. Celui-ci brandit <a href=\"https:\/\/www.sysdau.fr\/sites\/default\/files\/2025-04\/analyse_besoins_ressources_ressource_eau_arret_scot_aire_metropolitaine_bor.pdf\" target=\"_blank\" rel=\"nofollow noopener\">les donn\u00e9es publi\u00e9es dans le cadre du Sch\u00e9ma de coh\u00e9rence territoriale<\/a> (Scot). Pour Can\u00e9jan, la consommation y est \u00e9valu\u00e9e \u00e0 373\u00a0495\u00a0m\u00b3 pour 2030 et 420\u00a0243\u00a0m\u00b3 en 2040. Le collectif Can\u00e9jan en transition fait remarquer que ce dernier chiffre s\u2019approche du volume de pr\u00e9l\u00e8vement autoris\u00e9 par la pr\u00e9fecture, fix\u00e9 \u00e0 430\u00a0000\u00a0m\u00b3.<\/p>\n<p>La commune d\u00e9fend son calcul<\/p>\n<p>La consultation des documents du Scot nous apprend que Can\u00e9jan ne serait pas un cas unique\u00a0: \u00e0 horizon 2040, nombre de syndicats et r\u00e9gies des eaux de Gironde d\u00e9passeraient le volume de pr\u00e9l\u00e8vement autoris\u00e9, m\u00eame si certains pourraient se contenir avec un objectif de r\u00e9duction des pertes en eau. Le Scot nuance toutefois ses chiffres, en pr\u00e9cisant que \u00ab\u00a0tout exercice de prospective comporte des limites\u00a0\u00bb.<\/p>\n<p>De son c\u00f4t\u00e9, la commune de Can\u00e9jan d\u00e9fend son calcul. Elle explique se baser sur une consommation de 62\u00a0m\u00b3\u00a0par habitant et par\u00a0an \u00e9tablie par le Syndicat mixte d\u2019\u00e9tude pour la gestion de la ressource en eau du d\u00e9partement de la Gironde (Smegreg). \u00ab\u00a0Les chiffres contenus dans le Scot correspondent quant \u00e0 eux aux projections pour notre commune sur la base des projections globales de la Communaut\u00e9 de communes\u00a0\u00bb, ajoute le cabinet du maire.<\/p>\n<p>Une expertise judiciaire<\/p>\n<p>La commune et le collectif divergent sur un point crucial\u00a0: l\u2019impact qu\u2019aurait ou non le surfpark sur la consommation en eau. \u00ab\u00a0La commune s\u2019est bas\u00e9e sur une consommation moyenne pour une ville non-touristique. Mais le surfpark pr\u00e9voit d\u2019accueillir 200\u00a0000\u00a0visiteurs par an, et cela va peser sur la consommation en eau\u00a0\u00bb, consid\u00e8re R\u00e9my Petit, membre du collectif Can\u00e9jan en transition.<\/p>\n<p>Le maire de Can\u00e9jan Bernard Garrigou rappelle l\u2019existence de <a href=\"https:\/\/www.sudouest.fr\/gironde\/canejan\/surfpark-en-gironde-le-rapport-de-l-expert-judiciaire-est-tombe-il-est-favorable-au-projet-de-l-academie-de-la-glisse-24454261.php\" target=\"_blank\" rel=\"follow noopener\">l\u2019expertise judiciaire rendue en mai 2025<\/a>. Celle-ci consid\u00e8re qu\u2019une cuve de r\u00e9tention d\u2019eau de pluie suppl\u00e9mentaire suffirait \u00e0 assurer l\u2019autonomie de l\u2019\u00e9quipement. La Sepanso et Surfrider Foundation <a href=\"https:\/\/www.sudouest.fr\/lieux\/gironde\/canejan\/surfpark-en-gironde-en-l-etat-du-projet-il-faudra-un-apport-d-eau-potable-supplementaire-24662815.php\" target=\"_blank\" rel=\"follow noopener\">avaient critiqu\u00e9 ces conclusions<\/a>. \u00ab\u00a0Pour nous, le d\u00e9bat est clos, tranche Nicolas Padois, un des porteurs du projet de surfpark baptis\u00e9 L\u2019Acad\u00e9mie de la glisse. L\u2019expertise a estim\u00e9 que nous \u00e9tions dans les clous.\u00a0\u00bb Il confirme qu\u2019une cuve suppl\u00e9mentaire sera bien install\u00e9e. \u00ab\u00a0Nous suivons toutes les demandes des services instructeurs\u00a0\u00bb, pr\u00e9cise Nicolas Padois. Il ajoute que son \u00ab\u00a0projet n\u2019a rien \u00e0 voir le PLU. Le greffer \u00e0 ce sujet, cela n\u2019a pas trop de sens\u00a0\u00bb.<\/p>\n<blockquote><p>\u00ab\u00a0Pour nous, le d\u00e9bat est clos. L\u2019expertise a estim\u00e9 que nous \u00e9tions dans les clous\u00a0\u00bb<\/p><\/blockquote>\n<p>Bernard Garrigou temp\u00e8re \u00e9galement la crainte d\u2019un d\u00e9passement du volume de pr\u00e9l\u00e8vement autoris\u00e9 par la pr\u00e9fecture. \u00ab\u00a0Si jamais il y avait une surconsommation en p\u00e9riode estivale, la pr\u00e9fecture pourrait s\u2019en saisir pour r\u00e9duire l\u2019activit\u00e9 du surfpark, souligne le maire. Le promoteur du projet pr\u00e9voit cette possibilit\u00e9.\u00a0\u00bb<\/p>\n<p>Bernard Garrigou assure que la commune a \u00e9galement adopt\u00e9 une tarification dissuasive pour les gros consommateurs\u00a0: \u00ab\u00a0Le tarif de l\u2019eau est multipli\u00e9 par dix si le seuil de 10\u00a0000\u00a0m\u00b3 annuel est d\u00e9pass\u00e9.\u00a0\u00bb \u00ab\u00a0Nous protestons contre le rassurisme de la commune\u00a0\u00bb, r\u00e9sume R\u00e9my Petit. Si le collectif Can\u00e9jan en transition n\u2019est pas satisfait de la r\u00e9ponse qui doit lui \u00eatre apport\u00e9e par la Ville, celui-ci pourrait d\u00e9poser son recours au tribunal administratif.<\/p>\n","protected":false},"excerpt":{"rendered":"Concernant ce nouveau volet, tout part du nouveau Plan local d\u2019urbanisme (PLU) adopt\u00e9 par la commune de Can\u00e9jan&hellip;\n","protected":false},"author":2,"featured_media":600675,"comment_status":"","ping_status":"","sticky":false,"template":"","format":"standard","meta":{"footnotes":""},"categories":[2817],"tags":[1111,11,1997,1777,674,1011,27,12,2219,25],"class_list":{"0":"post-600674","1":"post","2":"type-post","3":"status-publish","4":"format-standard","5":"has-post-thumbnail","7":"category-bordeaux","8":"tag-actu","9":"tag-actualites","10":"tag-bordeaux","11":"tag-eu","12":"tag-europe","13":"tag-fr","14":"tag-france","15":"tag-news","16":"tag-nouvelle-aquitaine","17":"tag-republique-francaise"},"share_on_mastodon":{"url":"https:\/\/pubeurope.com\/@fr\/115723398282362116","error":""},"_links":{"self":[{"href":"https:\/\/www.europesays.com\/fr\/wp-json\/wp\/v2\/posts\/600674","targetHints":{"allow":["GET"]}}],"collection":[{"href":"https:\/\/www.europesays.com\/fr\/wp-json\/wp\/v2\/posts"}],"about":[{"href":"https:\/\/www.europesays.com\/fr\/wp-json\/wp\/v2\/types\/post"}],"author":[{"embeddable":true,"href":"https:\/\/www.europesays.com\/fr\/wp-json\/wp\/v2\/users\/2"}],"replies":[{"embeddable":true,"href":"https:\/\/www.europesays.com\/fr\/wp-json\/wp\/v2\/comments?post=600674"}],"version-history":[{"count":0,"href":"https:\/\/www.europesays.com\/fr\/wp-json\/wp\/v2\/posts\/600674\/revisions"}],"wp:featuredmedia":[{"embeddable":true,"href":"https:\/\/www.europesays.com\/fr\/wp-json\/wp\/v2\/media\/600675"}],"wp:attachment":[{"href":"https:\/\/www.europesays.com\/fr\/wp-json\/wp\/v2\/media?parent=600674"}],"wp:term":[{"taxonomy":"category","embeddable":true,"href":"https:\/\/www.europesays.com\/fr\/wp-json\/wp\/v2\/categories?post=600674"},{"taxonomy":"post_tag","embeddable":true,"href":"https:\/\/www.europesays.com\/fr\/wp-json\/wp\/v2\/tags?post=600674"}],"curies":[{"name":"wp","href":"https:\/\/api.w.org\/{rel}","templated":true}]}}