{"id":600676,"date":"2025-12-15T11:41:15","date_gmt":"2025-12-15T11:41:15","guid":{"rendered":"https:\/\/www.europesays.com\/fr\/600676\/"},"modified":"2025-12-15T11:41:15","modified_gmt":"2025-12-15T11:41:15","slug":"bande-dessinee-zidane-de-marseille-a-madrid-en-passant-par-bordeaux-et-les-coupes-du-monde","status":"publish","type":"post","link":"https:\/\/www.europesays.com\/fr\/600676\/","title":{"rendered":"Bande dessin\u00e9e. Zidane, de Marseille \u00e0 Madrid en passant par Bordeaux et les Coupes du monde"},"content":{"rendered":"<p>Le crash test est plus que r\u00e9ussi avec ce petit lecteur de dix ans qui nous servira de ma\u00eetre \u00e9talon\u00a0: \u00ab\u00a0C\u2019est un tr\u00e8s grand joueur mais il est un peu susceptible\u00a0\u00bb, livre notre t\u00e9moin au terme des pr\u00e8s de 200\u00a0pages. \u00ab\u00a0Il a gagn\u00e9 le Ballon d\u2019Or, la Coupe du monde, la Ligue des champions avec le Real Madrid et la Coupe d\u2019Europe. Mais il a pris quelques cartons rouges. Surtout celui en finale. D\u2019ailleurs, l\u2019arbitre n\u2019est pas tr\u00e8s gentil parce que le joueur qui l\u2019a insult\u00e9 n\u2019a rien re\u00e7u.\u00a0\u00bb Les succ\u00e8s, les \u00e9checs, tout y est. Et c\u2019est la mission premi\u00e8re de cet opus qui n\u2019est cependant pas r\u00e9serv\u00e9 aux moins de 20\u00a0ans.<\/p>\n<p>La cr\u00e9ation de Zizou<\/p>\n<p>Les plus grands seront sans doute captiv\u00e9s par la somme d\u2019informations recens\u00e9es par les auteurs. Faro est ici accompagn\u00e9 de deux grands connaisseurs de football et des Bleus\u00a0: l\u2019ancien r\u00e9dacteur en chef adjoint de \u00ab\u00a0L\u2019\u00c9quipe\u00a0\u00bb, G\u00e9rard Ejn\u00e8s, et l\u2019auteur Alexandre Fiev\u00e9e qui avait d\u00e9j\u00e0 \u00e9crit sur France 98. On retiendra ces tr\u00e8s belles et longues pages sur l\u2019enfance de Zizou dans son quartier de la Castellane \u00e0 Marseille o\u00f9 le petit Yazid se forge sa technique sans pareil. Ses premiers pas au centre de formation et en \u00e9quipe premi\u00e8re de l\u2019AS Cannes et, bien s\u00fbr, ses \u00e9pop\u00e9es avec l\u2019\u00e9quipe de France en 1998, 2000 et 2006, en passant par l\u2019\u00e9chec de 2002.<\/p>\n<p>Ses passages \u00e0 la Juventus avec Didier Deschamps et sa l\u00e9gende madril\u00e8ne sont longuement d\u00e9ploy\u00e9s avec une pleine page pour sa vol\u00e9e d\u2019un autre monde en finale de la Ligue des champions 2002. Les auteurs ne manquent pas l\u2019occasion de mettre en sc\u00e8ne chaque coup d\u2019\u00e9clat et chaque coup de sang pour amener leur jeune lectorat \u00e0 la conclusion que tout le monde conna\u00eet. Ils croquent souvent la famille de Yazid, devenu Zizou, par les simplifications langagi\u00e8res d\u2019un coach m\u00e9ridional. Rolland Courbis le baptise ainsi au bas de la page\u00a083 apr\u00e8s avoir perdu patience en patinant sur le pr\u00e9nom Zinedine.<\/p>\n<p>Bordeaux, 1992<\/p>\n<p>L\u2019anecdote est v\u00e9ridique et se d\u00e9roule \u00e0 Bordeaux, en 1992, alors que l\u2019entra\u00eeneur vient de faire signer Zidane en provenance de l\u2019AS Cannes. La sc\u00e8ne appara\u00eet au commencement de la vingtaine de pages consacr\u00e9es \u00e0 <a href=\"https:\/\/www.sudouest.fr\/sport\/football\/girondins-de-bordeaux\/\" target=\"_blank\" rel=\"follow noopener\">la p\u00e9riode Girondins de Bordeaux<\/a>. Celle de ses potes Dugarry et Lizarazu, des d\u00e9buts en \u00e9quipe de France et du fameux Bordeaux-Milan de mars 1996. Les quadras et plus qui s\u2019escriment \u00e0 raconter la magie de cette soir\u00e9e aux jeunes g\u00e9n\u00e9rations ont peut-\u00eatre trouv\u00e9 un moyen.<\/p>\n","protected":false},"excerpt":{"rendered":"Le crash test est plus que r\u00e9ussi avec ce petit lecteur de dix ans qui nous servira de&hellip;\n","protected":false},"author":2,"featured_media":600677,"comment_status":"","ping_status":"","sticky":false,"template":"","format":"standard","meta":{"footnotes":""},"categories":[2817],"tags":[1111,11,1997,1777,674,1011,27,12,2219,25],"class_list":{"0":"post-600676","1":"post","2":"type-post","3":"status-publish","4":"format-standard","5":"has-post-thumbnail","7":"category-bordeaux","8":"tag-actu","9":"tag-actualites","10":"tag-bordeaux","11":"tag-eu","12":"tag-europe","13":"tag-fr","14":"tag-france","15":"tag-news","16":"tag-nouvelle-aquitaine","17":"tag-republique-francaise"},"share_on_mastodon":{"url":"https:\/\/pubeurope.com\/@fr\/115723402362732890","error":""},"_links":{"self":[{"href":"https:\/\/www.europesays.com\/fr\/wp-json\/wp\/v2\/posts\/600676","targetHints":{"allow":["GET"]}}],"collection":[{"href":"https:\/\/www.europesays.com\/fr\/wp-json\/wp\/v2\/posts"}],"about":[{"href":"https:\/\/www.europesays.com\/fr\/wp-json\/wp\/v2\/types\/post"}],"author":[{"embeddable":true,"href":"https:\/\/www.europesays.com\/fr\/wp-json\/wp\/v2\/users\/2"}],"replies":[{"embeddable":true,"href":"https:\/\/www.europesays.com\/fr\/wp-json\/wp\/v2\/comments?post=600676"}],"version-history":[{"count":0,"href":"https:\/\/www.europesays.com\/fr\/wp-json\/wp\/v2\/posts\/600676\/revisions"}],"wp:featuredmedia":[{"embeddable":true,"href":"https:\/\/www.europesays.com\/fr\/wp-json\/wp\/v2\/media\/600677"}],"wp:attachment":[{"href":"https:\/\/www.europesays.com\/fr\/wp-json\/wp\/v2\/media?parent=600676"}],"wp:term":[{"taxonomy":"category","embeddable":true,"href":"https:\/\/www.europesays.com\/fr\/wp-json\/wp\/v2\/categories?post=600676"},{"taxonomy":"post_tag","embeddable":true,"href":"https:\/\/www.europesays.com\/fr\/wp-json\/wp\/v2\/tags?post=600676"}],"curies":[{"name":"wp","href":"https:\/\/api.w.org\/{rel}","templated":true}]}}