{"id":600681,"date":"2025-12-15T11:45:20","date_gmt":"2025-12-15T11:45:20","guid":{"rendered":"https:\/\/www.europesays.com\/fr\/600681\/"},"modified":"2025-12-15T11:45:20","modified_gmt":"2025-12-15T11:45:20","slug":"la-ligne-1-a-nouveau-interrompue-ce-lundi-des-bus-relais-deployes","status":"publish","type":"post","link":"https:\/\/www.europesays.com\/fr\/600681\/","title":{"rendered":"la ligne 1 \u00e0 nouveau interrompue ce lundi, des bus relais d\u00e9ploy\u00e9s"},"content":{"rendered":"<p>                    Par<br \/>\n        <strong><br \/>\n            <a href=\"https:\/\/actu.fr\/auteur\/nicolas-demollien\" title=\"Consulter tous les articles de Nicolas Demollien\" target=\"_blank\" rel=\"noopener\">Nicolas Demollien<\/a><br \/>\n                    <\/strong><\/p>\n<p>        Publi\u00e9 le<\/p>\n<p>            15 d\u00e9c. 2025 \u00e0 12h00<br \/>\n        ; mis \u00e0 jour le 15 d\u00e9c. 2025 \u00e0 12h40    <\/p>\n<p>Cela devient une <b>tr\u00e8s mauvaise habitude<\/b> \u00e0 <a href=\"https:\/\/actu.fr\/hauts-de-france\/lille_59350\" target=\"_blank\" rel=\"noopener\">Lille<\/a> (Nord) ! Ce lundi 15 d\u00e9cembre 2025, la<b> ligne 1<\/b> du <a href=\"https:\/\/actu.fr\/tag\/metro\" target=\"_blank\" rel=\"noopener\">m\u00e9tro<\/a> du r\u00e9seau <a href=\"https:\/\/actu.fr\/tag\/ilevia\" target=\"_blank\" rel=\"noopener\">Il\u00e9via<\/a> est une <b>nouvelle fois interrompue<\/b>. De quoi perturber encore le quotidien des usagers et susciter <b>beaucoup de col\u00e8re<\/b> malgr\u00e9 le d\u00e9ploiement de <b>bus relais<\/b>.\u00a0<\/p>\n<p>La ligne 1 du m\u00e9tro de Lille Il\u00e9via encore interrompue ce lundi<\/p>\n<p class=\" wall-content\">L\u2019annonce a \u00e9t\u00e9 faite aux alentours de 11h45. C\u2019est <b>entre les lignes Fives et 4 Cantons \u2013 stade Pierre Mauroy<\/b> que le m\u00e9tro ne circule pas, comme tr\u00e8s souvent en cas de pareille panne. Une nouvelle fois, Il\u00e9via annonce qu\u2019il s\u2019agit d\u2019un \u00ab\u00a0<b>d\u00e9faut sur le nouveau pilote automatique<\/b>\u00a0\u00bb avec une reprise estim\u00e9e \u00e0 12h30.<\/p>\n<p class=\" wall-content\">Cet horaire n\u2019a pas \u00e9t\u00e9 respect\u00e9 et la reprise a ensuite \u00e9t\u00e9 estim\u00e9e aux alentours de 13h. Toutefois, notons que l\u2019entreprise de <a href=\"https:\/\/actu.fr\/tag\/transport\" target=\"_blank\" rel=\"noopener\">transport<\/a> a cette fois d\u00e9ploy\u00e9 imm\u00e9diatement des bus relais pour permettre \u00e0 ses usagers de ne pas se retrouver totalement bloqu\u00e9s.<br \/>https:\/\/x.com\/ilevia_metro\/status\/2000512725873738166<\/p>\n<p class=\" wall-content\">Sur les r\u00e9seaux sociaux, certains ne d\u00e9col\u00e8rent pas : \u00ab\u00a0<b>D\u00e8s le lundi on doit se d\u00e9brouiller.<\/b> Remboursez !\u00a0\u00bb lance ainsi l\u2019un d\u2019eux, rejoint par un autre internaute : \u00ab\u00a0Tous les jours, c\u2019est la m\u00eame chose !\u00a0\u00bb<\/p>\n<p class=\" wall-content\">Plus d\u2019infos \u00e0 venir.<\/p>\n<p class=\" wall-content\">Personnalisez votre actualit\u00e9 en ajoutant vos villes et m\u00e9dias en favori avec <a href=\"https:\/\/moncompte.actu.fr\" title=\"D\u00e9couvez Mon Actu\" rel=\"nofollow noopener\" data-trk=\"{&quot;cta&quot;:{&quot;action&quot;:&quot;https:\\\/\\\/moncompte.actu.fr&quot;,&quot;category&quot;:&quot;mon compte&quot;,&quot;from&quot;:&quot;article footer&quot;,&quot;name&quot;:&quot;Mon actu&quot;,&quot;type&quot;:&quot;cta&quot;}}\" target=\"_blank\">Mon Actu<\/a>.<\/p>\n","protected":false},"excerpt":{"rendered":"Par Nicolas Demollien Publi\u00e9 le 15 d\u00e9c. 2025 \u00e0 12h00 ; mis \u00e0 jour le 15 d\u00e9c. 2025&hellip;\n","protected":false},"author":2,"featured_media":600682,"comment_status":"","ping_status":"","sticky":false,"template":"","format":"standard","meta":{"footnotes":""},"categories":[2815],"tags":[1111,11,1777,674,1011,27,811,4288,1307,4047,12,25,104,2803],"class_list":{"0":"post-600681","1":"post","2":"type-post","3":"status-publish","4":"format-standard","5":"has-post-thumbnail","7":"category-lille","8":"tag-actu","9":"tag-actualites","10":"tag-eu","11":"tag-europe","12":"tag-fr","13":"tag-france","14":"tag-hauts-de-france","15":"tag-ilevia","16":"tag-lille","17":"tag-metro","18":"tag-news","19":"tag-republique-francaise","20":"tag-societe","21":"tag-transport"},"share_on_mastodon":{"url":"","error":""},"_links":{"self":[{"href":"https:\/\/www.europesays.com\/fr\/wp-json\/wp\/v2\/posts\/600681","targetHints":{"allow":["GET"]}}],"collection":[{"href":"https:\/\/www.europesays.com\/fr\/wp-json\/wp\/v2\/posts"}],"about":[{"href":"https:\/\/www.europesays.com\/fr\/wp-json\/wp\/v2\/types\/post"}],"author":[{"embeddable":true,"href":"https:\/\/www.europesays.com\/fr\/wp-json\/wp\/v2\/users\/2"}],"replies":[{"embeddable":true,"href":"https:\/\/www.europesays.com\/fr\/wp-json\/wp\/v2\/comments?post=600681"}],"version-history":[{"count":0,"href":"https:\/\/www.europesays.com\/fr\/wp-json\/wp\/v2\/posts\/600681\/revisions"}],"wp:featuredmedia":[{"embeddable":true,"href":"https:\/\/www.europesays.com\/fr\/wp-json\/wp\/v2\/media\/600682"}],"wp:attachment":[{"href":"https:\/\/www.europesays.com\/fr\/wp-json\/wp\/v2\/media?parent=600681"}],"wp:term":[{"taxonomy":"category","embeddable":true,"href":"https:\/\/www.europesays.com\/fr\/wp-json\/wp\/v2\/categories?post=600681"},{"taxonomy":"post_tag","embeddable":true,"href":"https:\/\/www.europesays.com\/fr\/wp-json\/wp\/v2\/tags?post=600681"}],"curies":[{"name":"wp","href":"https:\/\/api.w.org\/{rel}","templated":true}]}}