{"id":600691,"date":"2025-12-15T11:51:12","date_gmt":"2025-12-15T11:51:12","guid":{"rendered":"https:\/\/www.europesays.com\/fr\/600691\/"},"modified":"2025-12-15T11:51:12","modified_gmt":"2025-12-15T11:51:12","slug":"un-adjoint-de-gregory-doucet-quitte-le-navire-pour-cet-autre-candidat","status":"publish","type":"post","link":"https:\/\/www.europesays.com\/fr\/600691\/","title":{"rendered":"un adjoint de Gr\u00e9gory Doucet quitte le navire pour cet autre candidat"},"content":{"rendered":"<p>                    Par<br \/>\n        <strong><br \/>\n            <a href=\"https:\/\/actu.fr\/auteur\/ludivine-caporal\" title=\"Consulter tous les articles de Ludivine Caporal\" target=\"_blank\" rel=\"noopener\">Ludivine Caporal<\/a><br \/>\n                    <\/strong><\/p>\n<p>        Publi\u00e9 le<\/p>\n<p>            15 d\u00e9c. 2025 \u00e0 12h46        <\/p>\n<p>\u00ab\u2009Je sors de cette alliance avec les Verts car je ne me reconnais plus dedans\u2009\u00bb, a annonc\u00e9, ce lundi 15\u00a0d\u00e9cembre 2025 \u00e0 l\u2019occasion d\u2019une conf\u00e9rence de presse, Alexandre Chevalier.<\/p>\n<p class=\" wall-content\">Adjoint au maire en charge des \u00ab\u2009liens interg\u00e9n\u00e9rationnels\u2009\u00bb et de la \u00ab\u2009qualit\u00e9 de vie des a\u00een\u00e9s\u2009\u00bb, membre du parti \u00e9cologiste et pro-europ\u00e9en \u00ab\u2009Place publique\u2009\u00bb de <a href=\"https:\/\/actu.fr\/normandie\/mortagne-au-perche_61293\/ancien-candidat-dans-lorne-il-travaille-sur-les-propositions-de-raphael-glucksmann-pour-les-presidentielles_62847862.html\" target=\"_blank\" rel=\"noopener\">Rapha\u00ebl Glucksmann<\/a>, l\u2019\u00e9lu quittera d\u00e9finitivement <a href=\"https:\/\/actu.fr\/auvergne-rhone-alpes\/lyon_69123\/lyon-gregory-doucet-veut-faciliter-la-vie-des-lyonnais-et-devoile-ses-premieres-mesures_63556898.html\" target=\"_blank\" rel=\"noopener\">le navire de Gr\u00e9gory Doucet<\/a> en mars\u00a02026.<\/p>\n<p class=\" wall-content\">Ce dernier a en effet d\u00e9cid\u00e9 de<strong> rejoindre le candidat Georges K\u00e9p\u00e9n\u00e9kian<\/strong> pour les \u00e9lections municipales \u00e0 venir.<\/p>\n<p>\u00ab\u2009Pas de compromis avec LFI\u2009\u00bb<\/p>\n<p class=\" wall-content\">\u00ab\u2009J\u2019avais besoin de clart\u00e9 et je l\u2019ai trouv\u00e9 du c\u00f4t\u00e9 de Georges, \u00e0 la fois sur son programme mais surtout sur ses valeurs. J\u2019avais besoin d\u2019un candidat qui ne fera pas de compromis avec La France Insoumise, que ce soit au premier ou au deuxi\u00e8me tour\u2009\u00bb, a-t-il d\u00e9clar\u00e9, en r\u00e9f\u00e9rence au doute qui subsiste quant aux intentions des Ecologistes sur ce sujet.<\/p>\n<p class=\" wall-content\">Alexandre Chevalier rejoint ainsi d\u00e8s \u00e0 pr\u00e9sent <a href=\"https:\/\/actu.fr\/auvergne-rhone-alpes\/lyon_69123\/lyon-municipales-2026-ni-doucet-ni-aulas-georges-kepenekian-explique-son-pari-en-solo_63284328.html\" target=\"_blank\" rel=\"noopener\">la campagne municipale du candidat de gauche Georges K\u00e9p\u00e9n\u00e9kian<\/a>, ancien proche de G\u00e9rard Collomb, qui se pr\u00e9sente sans parti avec son mouvement \u00ab\u2009Lyon, quelle \u00e9nergie\u2009\u00bb.<\/p>\n<p>    <img   decoding=\"async\" loading=\"lazy\" src=\"https:\/\/www.europesays.com\/fr\/wp-content\/uploads\/2025\/12\/georges-kepenekian-lyon-municipales-960x640.jpeg\" alt=\"Georges K\u00e9p\u00e9n\u00e9kian candidat \u00e0 la mairie de Lyon pour les municipales 2026.\" width=\"960\" height=\"640\"\/><br \/>\n    Georges K\u00e9p\u00e9n\u00e9kian est candidat \u00e0 la mairie de Lyon pour les municipales 2026. (\u00a9Anthony Soudani\/ actu Lyon)Gr\u00e9gory Doucet et Jean-Michel Aulas, des candidats \u00ab\u2009clivants\u2009\u00bb<\/p>\n<blockquote class=\"ac-article-quote wall-content\">\n<p>J&rsquo;avais aussi besoin d&rsquo;un candidat qui ne soit pas dans le clivage. Georges incarne cette vision, cette s\u00e9curit\u00e9 et ce consensus que les Lyonnais attendent. J&rsquo;ai assum\u00e9 et j&rsquo;assume toujours le bilan de Gr\u00e9gory Doucet, je pense que de tr\u00e8s belles choses ont \u00e9t\u00e9 r\u00e9alis\u00e9es, mais c&rsquo;est une politique ou du moins un personnage qui a toujours cliv\u00e9, et Jean-Michel Aulas le sera tout autant.<\/p>\n<p>    <strong>Alexandre Chevalier<\/strong><br \/>\n        Adjoint au maire de Lyon    <\/p><\/blockquote>\n<p>Votre r\u00e9gion, votre actu !<\/p>\n<p>Recevez chaque jour les infos qui comptent pour vous.<\/p>\n<p>\t<a href=\"https:\/\/actu.fr\/newsletter\" class=\"ac-btn ac-btn--corner ac-btn--medium ac-btn--blue800\" target=\"_blank\" rel=\"noopener\">S&rsquo;incrire<\/a><\/p>\n<p class=\" wall-content\">L\u2019\u00e9lu affirme avoir \u00ab\u2009inform\u00e9 le staff de campagne\u2009\u00bb du maire de Lyon, qui a \u00ab\u2009compris\u2009\u00bb ses motivations et qui pr\u00e9f\u00e8re que ce dernier \u00ab\u2009les quitte maintenant plut\u00f4t qu\u2019\u00e0 l\u2019entre-deux-tours\u2009\u00bb.<\/p>\n<p class=\" wall-content\">Personnalisez votre actualit\u00e9 en ajoutant vos villes et m\u00e9dias en favori avec <a href=\"https:\/\/moncompte.actu.fr\" title=\"D\u00e9couvez Mon Actu\" rel=\"nofollow noopener\" data-trk=\"{&quot;cta&quot;:{&quot;action&quot;:&quot;https:\\\/\\\/moncompte.actu.fr&quot;,&quot;category&quot;:&quot;mon compte&quot;,&quot;from&quot;:&quot;article footer&quot;,&quot;name&quot;:&quot;Mon actu&quot;,&quot;type&quot;:&quot;cta&quot;}}\" target=\"_blank\">Mon Actu<\/a>.<\/p>\n","protected":false},"excerpt":{"rendered":"Par Ludivine Caporal Publi\u00e9 le 15 d\u00e9c. 2025 \u00e0 12h46 \u00ab\u2009Je sors de cette alliance avec les Verts&hellip;\n","protected":false},"author":2,"featured_media":600692,"comment_status":"","ping_status":"","sticky":false,"template":"","format":"standard","meta":{"footnotes":""},"categories":[1889],"tags":[1111,11,2430,1777,674,1011,27,5226,2428,3434,12,316,25],"class_list":{"0":"post-600691","1":"post","2":"type-post","3":"status-publish","4":"format-standard","5":"has-post-thumbnail","7":"category-lyon","8":"tag-actu","9":"tag-actualites","10":"tag-auvergne-rhone-alpes","11":"tag-eu","12":"tag-europe","13":"tag-fr","14":"tag-france","15":"tag-gregory-doucet","16":"tag-lyon","17":"tag-municipales-2026","18":"tag-news","19":"tag-politique","20":"tag-republique-francaise"},"share_on_mastodon":{"url":"https:\/\/pubeurope.com\/@fr\/115723442133204453","error":""},"_links":{"self":[{"href":"https:\/\/www.europesays.com\/fr\/wp-json\/wp\/v2\/posts\/600691","targetHints":{"allow":["GET"]}}],"collection":[{"href":"https:\/\/www.europesays.com\/fr\/wp-json\/wp\/v2\/posts"}],"about":[{"href":"https:\/\/www.europesays.com\/fr\/wp-json\/wp\/v2\/types\/post"}],"author":[{"embeddable":true,"href":"https:\/\/www.europesays.com\/fr\/wp-json\/wp\/v2\/users\/2"}],"replies":[{"embeddable":true,"href":"https:\/\/www.europesays.com\/fr\/wp-json\/wp\/v2\/comments?post=600691"}],"version-history":[{"count":0,"href":"https:\/\/www.europesays.com\/fr\/wp-json\/wp\/v2\/posts\/600691\/revisions"}],"wp:featuredmedia":[{"embeddable":true,"href":"https:\/\/www.europesays.com\/fr\/wp-json\/wp\/v2\/media\/600692"}],"wp:attachment":[{"href":"https:\/\/www.europesays.com\/fr\/wp-json\/wp\/v2\/media?parent=600691"}],"wp:term":[{"taxonomy":"category","embeddable":true,"href":"https:\/\/www.europesays.com\/fr\/wp-json\/wp\/v2\/categories?post=600691"},{"taxonomy":"post_tag","embeddable":true,"href":"https:\/\/www.europesays.com\/fr\/wp-json\/wp\/v2\/tags?post=600691"}],"curies":[{"name":"wp","href":"https:\/\/api.w.org\/{rel}","templated":true}]}}