{"id":600702,"date":"2025-12-15T11:58:14","date_gmt":"2025-12-15T11:58:14","guid":{"rendered":"https:\/\/www.europesays.com\/fr\/600702\/"},"modified":"2025-12-15T11:58:14","modified_gmt":"2025-12-15T11:58:14","slug":"face-aux-activites-persistantes-de-la-chine-et-de-la-russie-lotan-redefinit-sa-doctrine","status":"publish","type":"post","link":"https:\/\/www.europesays.com\/fr\/600702\/","title":{"rendered":"Face aux activit\u00e9s persistantes de la Chine et de la Russie, l\u2019Otan red\u00e9finit sa doctrine"},"content":{"rendered":"<p>Face \u00e0 l\u2019intensification des activit\u00e9s cyber et hybrides attribu\u00e9es \u00e0 la Russie et \u00e0 la Chine, l\u2019Otan consid\u00e8re d\u00e9sormais le cyberespace comme un domaine de conflictualit\u00e9 permanente. Au-del\u00e0 des exercices techniques, l\u2019Alliance restructure sa cyberd\u00e9fense autour d\u2019une r\u00e9ponse collective m\u00ealant dissuasion politique, coordination civilo-militaire et partage renforc\u00e9 du renseignement.<\/p>\n<p class=\"c-paragraph\">A l\u2019occasion de Cyber Coalition, un exercice international de cyberd\u00e9fense coordonn\u00e9 par l\u2019Allied Command for Transformation (ACT) de l\u2019Otan, l\u2019organisation transatlantique est revenue sur son changement de tactique.<\/p>\n<p>Une logique de conflictualit\u00e9 permanente<\/p>\n<p class=\"c-paragraph\"> Lors d\u2019un point auquel L\u2019Usine Digitale a pu participer, un responsable de l\u2019Alliance a d\u00e9taill\u00e9 la mani\u00e8re dont l\u2019Otan adapte sa cyberd\u00e9fense face \u00e0 l\u2019intensification des activit\u00e9s cyber et hybrides attribu\u00e9es \u00e0 la Russie et \u00e0 la Chine, d\u00e9sormais appr\u00e9hend\u00e9es non plus comme des incidents isol\u00e9s, mais comme des campagnes persistantes inscrites dans une logique de conflictualit\u00e9 permanente.<\/p>\n<p class=\"c-paragraph\">\u201cNous parlons d\u2019un domaine intangible, o\u00f9 la vigilance doit \u00eatre permanente et o\u00f9 les r\u00e9ponses ne peuvent plus \u00eatre uniquement techniques ou militaires\u201d, a d\u00e9but\u00e9 l\u2019expert. C\u2019est ainsi qu\u2019au sein de l\u2019Otan, la cyberd\u00e9fense est pens\u00e9e selon une architecture \u00e0 trois niveaux : politique, militaire et technique. Le pilotage strat\u00e9gique rel\u00e8ve du Comit\u00e9 de cyberd\u00e9fense, un organe de haut niveau rattach\u00e9 directement au Conseil de l\u2019Atlantique Nord, o\u00f9 sont discut\u00e9es les orientations politiques, les m\u00e9canismes de r\u00e9ponse collective et les seuils d\u2019escalade.<\/p>\n<p>Simuler des exercices grandeur nature<\/p>\n<p class=\"c-paragraph\">Les exercices, dont Cyber Coalition, ne constituent qu\u2019une brique visible de cet \u00e9difice. Leur objectif d\u00e9passe la seule r\u00e9action \u00e0 un incident : ils visent \u00e0 entra\u00eener les Alli\u00e9s \u00e0 g\u00e9rer une crise cyber de bout en bout, depuis les d\u00e9cisions politiques jusqu\u2019aux couches techniques, dans des sc\u00e9narios m\u00ealant cyber, hybride, influence et atteintes aux infrastructures critiques.<\/p>\n<p class=\"c-paragraph\">A l\u2019occasion de l\u2019\u00e9dition 2025, qui s\u2019est d\u00e9roul\u00e9e \u00e0 Tallinn en Estonie, une trentaine d\u2019Etats ont \u00e9t\u00e9 confront\u00e9s \u00e0 plusieurs incidents cyber afin de tester la r\u00e9activit\u00e9 des \u00e9quipes d\u00e9di\u00e9es. <\/p>\n<p>Des campagnes persistantes<\/p>\n<p class=\"c-paragraph\">L\u2019\u00e9volution doctrinale de l\u2019Otan s\u2019est construite sur plus de 10 ans. Apr\u00e8s une premi\u00e8re politique cyber en 2014, l\u2019Otan reconna\u00eet officiellement en 2016 le cyberespace comme domaine d\u2019op\u00e9rations. En 2021, un pas suppl\u00e9mentaire est franchi : ce n\u2019est plus un acte unique qui peut d\u00e9clencher les m\u00e9canismes de d\u00e9fense collective, mais l\u2019impact cumulatif de plusieurs activit\u00e9s malveillantes. \u201cCe que nous observons aujourd\u2019hui, ce sont des campagnes cyber persistantes, visant les Alli\u00e9s, l\u2019Otan et leurs partenaires, et non des \u00e9v\u00e9nements isol\u00e9s\u201d, relate le responsable. <\/p>\n<p class=\"c-paragraph\">Au c\u0153ur de cette \u00e9volution doctrinale figure la notion de \u201czone grise\u201d, ces activit\u00e9s malveillantes men\u00e9es en dessous du seuil d\u2019un acte arm\u00e9, mais suffisamment perturbatrices pour produire des effets strat\u00e9giques durables. <\/p>\n<p class=\"c-paragraph\">L\u2019Otan observe une multiplication de campagnes cyber combinant intrusions, vols de donn\u00e9es, perturbations d\u2019infrastructures critiques et op\u00e9rations d\u2019influence, sans qu\u2019aucun \u00e9v\u00e9nement isol\u00e9 ne justifie \u00e0 lui seul une r\u00e9ponse relevant des m\u00e9canismes de d\u00e9fense collective. <\/p>\n<p>Des mesures pr\u00e9-approuv\u00e9es<\/p>\n<p class=\"c-paragraph\">Pour y faire face, l\u2019Alliance a valid\u00e9 de nouvelles options strat\u00e9giques visant \u00e0 coordonner plus rapidement les r\u00e9ponses politiques et diplomatiques des Alli\u00e9s, sur le mod\u00e8le d\u2019un \u201cmenu\u201d de mesures pr\u00e9-approuv\u00e9es, destin\u00e9 \u00e0 imposer un co\u00fbt politique aux acteurs op\u00e9rant dans cette zone interm\u00e9diaire entre paix et conflit arm\u00e9.<\/p>\n<p class=\"c-paragraph\">Cette approche s\u2019appuie sur une organisation renforc\u00e9e de la cyberd\u00e9fense dans la dur\u00e9e. Pour r\u00e9pondre \u00e0 des activit\u00e9s qui s\u2019inscrivent dans le temps long et mobilisent \u00e0 la fois des acteurs civils et militaires, l\u2019Otan a engag\u00e9 la mont\u00e9e en puissance de <a href=\"https:\/\/www.usine-digitale.fr\/article\/l-otan-se-dote-d-un-centre-de-cyberdefense-face-a-la-recrudescence-des-menaces.N2216162\" target=\"_blank\" rel=\"noopener\" title=\"https:\/\/www.usine-digitale.fr\/article\/l-otan-se-dote-d-un-centre-de-cyberdefense-face-a-la-recrudescence-des-menaces.N2216162\">son Centre int\u00e9gr\u00e9 de cyberd\u00e9fense<\/a> (NIC). <\/p>\n<p class=\"c-paragraph\">D\u00e9j\u00e0 op\u00e9rationnel, ce centre a vocation \u00e0 renforcer en permanence la coop\u00e9ration entre les niveaux politique, militaire et technique, en associant, lorsque n\u00e9cessaire, les acteurs civils et industriels. <\/p>\n<p class=\"c-paragraph\">L\u2019objectif est de disposer d\u2019une visibilit\u00e9 plus large sur les d\u00e9pendances critiques des Alli\u00e9s et de faciliter la coordination des r\u00e9ponses face \u00e0 des campagnes cyber qui se d\u00e9ploient en continu, et non lors de crises ponctuelles. Dans ce contexte, l\u2019Alliance observe une intensification des activit\u00e9s cyber et hybrides, en particulier de la part de la Russie et de la Chine. En juillet dernier, l\u2019Otan a franchi un cap en publiant une d\u00e9claration de condamnation explicite des activit\u00e9s russes contre plusieurs Alli\u00e9s \u2014 une premi\u00e8re, l\u00e0 o\u00f9 pr\u00e9valaient auparavant de simples messages de solidarit\u00e9.<\/p>\n<p>La communication joue un r\u00f4le croissant<\/p>\n<p class=\"c-paragraph\">Ces prises de position publiques font d\u00e9sormais partie int\u00e9grante de la panoplie de dissuasion. \u201cC\u2019est un outil politique parmi d\u2019autres\u201d, souligne le responsable, assumant une strat\u00e9gie o\u00f9 la communication et l\u2019attribution jouent un r\u00f4le croissant.<\/p>\n<p class=\"c-paragraph\">La place du secteur priv\u00e9 constitue l\u2019un des points de vigilance mis en avant par l\u2019Alliance. Une part importante des cibles vis\u00e9es par des activit\u00e9s cyber et hybrides se situe en dehors du p\u00e9rim\u00e8tre militaire, y compris dans des entreprises qui ne sont pas identifi\u00e9es comme critiques pour la d\u00e9fense. L\u2019Otan souligne que certaines attaques contre des acteurs priv\u00e9s peuvent n\u00e9anmoins produire des effets nationaux majeurs, comme l\u2019a montr\u00e9 l\u2019exp\u00e9rience r\u00e9cente en Europe. <\/p>\n<p>Renforcer les liens public-priv\u00e9<\/p>\n<p class=\"c-paragraph\">Tirant les enseignements de l\u2019Ukraine, l\u2019Alliance insiste sur la n\u00e9cessit\u00e9 de renforcer les relations public-priv\u00e9, afin de partager l\u2019information, de coordonner les offres d\u2019assistance et d\u2019\u00e9viter les frictions en situation de crise, un r\u00f4le appel\u00e9 \u00e0 \u00eatre renforc\u00e9 dans le cadre du Centre int\u00e9gr\u00e9 de cyberd\u00e9fense.<\/p>\n<p class=\"c-paragraph\">Avec 32 Alli\u00e9s, la question des disparit\u00e9s de pr\u00e9paration reste centrale. L\u2019Otan s\u2019appuie sur deux leviers principaux : le processus de planification de d\u00e9fense (NDPP), qui r\u00e9partit les capacit\u00e9s n\u00e9cessaires \u2014 y compris cyber \u2014 entre les \u00c9tats, et le Cyber Defence Pledge, qui engage chaque pays \u00e0 renforcer sa r\u00e9silience nationale au titre de l\u2019article 3.<\/p>\n<p class=\"c-paragraph\">\u201cTous les Alli\u00e9s n\u2019ont pas vocation \u00e0 \u00eatre des leaders mondiaux en cyber\u201d, juge l\u2019expert. L\u2019enjeu est une r\u00e9partition \u00e9quitable de l\u2019effort, sans pour autant transformer l\u2019Otan en organisme de renforcement capacitaire interne : la responsabilit\u00e9 premi\u00e8re demeure nationale.<\/p>\n<p>IA, \u00eatre vigilant sans c\u00e9der \u00e0 la panique<\/p>\n<p class=\"c-paragraph\">Enfin, sur les cyberattaques autonomes g\u00e9n\u00e9r\u00e9es par l\u2019intelligence artificielle, le discours reste mesur\u00e9. Si l\u2019Alliance suit de pr\u00e8s les travaux et alertes du secteur, elle refuse toute dramatisation excessive. \u201cQu\u2019un malware soit assist\u00e9 par IA ou non ne change pas l\u2019essentiel : il faut prot\u00e9ger les infrastructures\u201d, r\u00e9sume le responsable.<\/p>\n<p class=\"c-paragraph\">L\u2019IA est vue \u00e0 la fois comme un facteur d\u2019\u00e9largissement de la surface d\u2019attaque et comme un outil potentiel de d\u00e9fense, inscrit dans la strat\u00e9gie IA de l\u2019Otan, articul\u00e9e autour de deux axes : d\u00e9velopper et prot\u00e9ger.<\/p>\n","protected":false},"excerpt":{"rendered":"Face \u00e0 l\u2019intensification des activit\u00e9s cyber et hybrides attribu\u00e9es \u00e0 la Russie et \u00e0 la Chine, l\u2019Otan consid\u00e8re&hellip;\n","protected":false},"author":2,"featured_media":600703,"comment_status":"","ping_status":"","sticky":false,"template":"","format":"standard","meta":{"footnotes":""},"categories":[1591],"tags":[11,309,1075,554,1887,311,223,14,12,316,1885,1886,132,25628],"class_list":{"0":"post-600702","1":"post","2":"type-post","3":"status-publish","4":"format-standard","5":"has-post-thumbnail","7":"category-russie","8":"tag-actualites","9":"tag-chine","10":"tag-cybersecurite","11":"tag-defense","12":"tag-federation-de-russie","13":"tag-informatique","14":"tag-intelligence-artificielle","15":"tag-international","16":"tag-news","17":"tag-politique","18":"tag-russia","19":"tag-russian-federation","20":"tag-russie","21":"tag-software"},"share_on_mastodon":{"url":"https:\/\/pubeurope.com\/@fr\/115723469073926109","error":""},"_links":{"self":[{"href":"https:\/\/www.europesays.com\/fr\/wp-json\/wp\/v2\/posts\/600702","targetHints":{"allow":["GET"]}}],"collection":[{"href":"https:\/\/www.europesays.com\/fr\/wp-json\/wp\/v2\/posts"}],"about":[{"href":"https:\/\/www.europesays.com\/fr\/wp-json\/wp\/v2\/types\/post"}],"author":[{"embeddable":true,"href":"https:\/\/www.europesays.com\/fr\/wp-json\/wp\/v2\/users\/2"}],"replies":[{"embeddable":true,"href":"https:\/\/www.europesays.com\/fr\/wp-json\/wp\/v2\/comments?post=600702"}],"version-history":[{"count":0,"href":"https:\/\/www.europesays.com\/fr\/wp-json\/wp\/v2\/posts\/600702\/revisions"}],"wp:featuredmedia":[{"embeddable":true,"href":"https:\/\/www.europesays.com\/fr\/wp-json\/wp\/v2\/media\/600703"}],"wp:attachment":[{"href":"https:\/\/www.europesays.com\/fr\/wp-json\/wp\/v2\/media?parent=600702"}],"wp:term":[{"taxonomy":"category","embeddable":true,"href":"https:\/\/www.europesays.com\/fr\/wp-json\/wp\/v2\/categories?post=600702"},{"taxonomy":"post_tag","embeddable":true,"href":"https:\/\/www.europesays.com\/fr\/wp-json\/wp\/v2\/tags?post=600702"}],"curies":[{"name":"wp","href":"https:\/\/api.w.org\/{rel}","templated":true}]}}